{"id":76752,"date":"2024-09-10T21:32:01","date_gmt":"2024-09-11T00:32:01","guid":{"rendered":"https:\/\/vocesparalelas.com.ar\/sitio\/?p=76752"},"modified":"2024-09-13T01:21:49","modified_gmt":"2024-09-13T04:21:49","slug":"se-presento-el-documento-acuerdo-por-la-educacion-en-la-noche-de-la-educacion-en-argentina","status":"publish","type":"post","link":"https:\/\/vocesparalelas.com.ar\/sitio\/se-presento-el-documento-acuerdo-por-la-educacion-en-la-noche-de-la-educacion-en-argentina\/","title":{"rendered":"Se present\u00f3 el Documento \u00abAcuerdo por la Educaci\u00f3n\u00bb en \u00abLa Noche de la Educaci\u00f3n\u00bb en Argentina"},"content":{"rendered":"<p>En el Palacio Libertad, Buenos Aires, se desarroll\u00f3 \u00abLa Noche de la Educaci\u00f3n\u00bb organizada Argentinos por la Educaci\u00f3n, sonde se present\u00f3 el Documento \u00abAcuerdo por la Educaci\u00f3n\u00bb elaborado por m\u00e1s de 200 referentes, con las 10 prioridades que deben estar en la agenda educativa.<\/p>\n<p>En ese contexto, el Gobernador de San Juan, Dr. Marcelo Orrego destac\u00f3 \u00abel compromiso de la provincia con la educaci\u00f3n al conmemorarse el 136\u00b0 Aniversario del fallecimiento de Domingo Faustino Sarmiento, el Maestro de Am\u00e9rica.<\/p>\n<p>\u00abEl programa Comprendo y Aprendo y su enfoque integral en la alfabetizaci\u00f3n se aplica en San Juan. Adem\u00e1s, el programa Transformar la Secundaria, enfocado en la innovaci\u00f3n y mejora de la educaci\u00f3n en las Escuelas Secundarias, expresa la nueva mirada sobre la educaci\u00f3n formal.<\/p>\n<p>\u00abEste programa busca fortalecer las habilidades de lectura, escritura y comprensi\u00f3n en todos los niveles educativos, como parte de un esfuerzo inspirado en el legado de Domingo Faustino Sarmiento, quien promovi\u00f3 una educaci\u00f3n m\u00e1s inclusiva y equitativa\u00bb.<\/p>\n<p>Participaron tambi\u00e9n gobernadores y ministros de distintas provincias, dirigentes del Poder Ejecutivo, como al secretario de Educaci\u00f3n, Dr. Carlos Torrendell y el ministro de Desregulaci\u00f3n y Transformaci\u00f3n del Estado, Lic. Federico Sturzenegger.<\/p>\n<p><strong><span style=\"color: #ff6600;\">Sobre el documento<\/span><\/strong><\/p>\n<p class=\"styles_paragraph__GiKq6\">El Acuerdo por la Educaci\u00f3n, que se present\u00f3 durante el evento, consiste en una agenda de diez prioridades educativas. El documento surge de un proceso de consultas por medio de entrevistas y mesas de trabajo en las que participaron m\u00e1s de 200 personas de diversos perfiles \u2013referentes educativos, funcionarios, dirigentes sociales, sindicales, pol\u00edticos, religiosos y empresariales\u2013, as\u00ed como de la revisi\u00f3n de literatura acad\u00e9mica internacional, regional y nacional y de los informes del Observatorio de Argentinos por la Educaci\u00f3n.<\/p>\n<p class=\"styles_paragraph__GiKq6\">En ese proceso se identificaron tres dimensiones clave que articulan diez ejes prioritarios de propuestas de pol\u00edtica p\u00fablica para la educaci\u00f3n obligatoria argentina.<\/p>\n<p class=\"styles_paragraph__GiKq6\">El primer eje se enfoca en las urgencias de cada nivel educativo y se propone<\/p>\n<p>1, ampliar la cobertura del nivel inicial,<\/p>\n<p>2. priorizar la alfabetizaci\u00f3n inicial en el nivel primario<\/p>\n<p>3. acompa\u00f1ar las trayectorias en el nivel secundario y lograr terminalidad con calidad.<\/p>\n<p class=\"styles_paragraph__GiKq6\">El segundo eje se refiere a la gesti\u00f3n a escala del sistema, donde se propone<\/p>\n<p>4. fortalecer el gobierno de la educaci\u00f3n<\/p>\n<p>5. lograr una inversi\u00f3n suficiente y de calidad,<\/p>\n<p>6. producir m\u00e1s y mejor informaci\u00f3n y evaluaci\u00f3n educativa, y 7) potenciar la formaci\u00f3n, la carrera y el salario de los docentes.<\/p>\n<p class=\"styles_paragraph__GiKq6\">En el tercer eje, centrado en la transformaci\u00f3n de las escuelas, se propone:<\/p>\n<p class=\"styles_paragraph__GiKq6\">8. robustecer los tiempos, los espacios y las condiciones para el aprendizaje,<\/p>\n<p class=\"styles_paragraph__GiKq6\">9. mejorar la gesti\u00f3n escolar, y 10) priorizar contenidos curriculares socialmente relevantes.<\/p>\n<p>En ese proceso se identificaron tres dimensiones clave que articulan diez ejes prioritarios de propuestas de pol\u00edtica p\u00fablica para la educaci\u00f3n obligatoria argentina.<\/p>\n<p>&nbsp;<\/p>\n<p><strong><span style=\"color: #ff6600;\">Se Adjunta el Documento \u00abAcuerdo por la Educaci\u00f3n\u00bb\u00a0<\/span><\/strong><\/p>\n<p><a href=\"https:\/\/vocesparalelas.com.ar\/sitio\/wp-content\/uploads\/2024\/09\/Acuerdo-por-la-educacion.pdf\">Acuerdo-por-la-educacion<\/a><\/p>\n<p>&nbsp;<\/p>\n<p>&nbsp;<\/p>\n<p>&nbsp;<\/p>\n","protected":false},"excerpt":{"rendered":"<p>En el Palacio Libertad, Buenos Aires, se desarroll\u00f3 \u00abLa Noche de la Educaci\u00f3n\u00bb organizada Argentinos por la Educaci\u00f3n, sonde se<\/p>\n","protected":false},"author":3,"featured_media":76755,"comment_status":"closed","ping_status":"closed","sticky":false,"template":"","format":"standard","meta":{"_acf_changed":false,"_seopress_robots_primary_cat":"none","_seopress_titles_title":"","_seopress_titles_desc":"","_seopress_robots_index":"","colormag_page_container_layout":"default_layout","colormag_page_sidebar_layout":"default_layout","footnotes":""},"categories":[5],"tags":[],"class_list":["post-76752","post","type-post","status-publish","format-standard","has-post-thumbnail","hentry","category-ofrecimientos"],"acf":[],"_links":{"self":[{"href":"https:\/\/vocesparalelas.com.ar\/sitio\/wp-json\/wp\/v2\/posts\/76752","targetHints":{"allow":["GET"]}}],"collection":[{"href":"https:\/\/vocesparalelas.com.ar\/sitio\/wp-json\/wp\/v2\/posts"}],"about":[{"href":"https:\/\/vocesparalelas.com.ar\/sitio\/wp-json\/wp\/v2\/types\/post"}],"author":[{"embeddable":true,"href":"https:\/\/vocesparalelas.com.ar\/sitio\/wp-json\/wp\/v2\/users\/3"}],"replies":[{"embeddable":true,"href":"https:\/\/vocesparalelas.com.ar\/sitio\/wp-json\/wp\/v2\/comments?post=76752"}],"version-history":[{"count":2,"href":"https:\/\/vocesparalelas.com.ar\/sitio\/wp-json\/wp\/v2\/posts\/76752\/revisions"}],"predecessor-version":[{"id":76758,"href":"https:\/\/vocesparalelas.com.ar\/sitio\/wp-json\/wp\/v2\/posts\/76752\/revisions\/76758"}],"wp:featuredmedia":[{"embeddable":true,"href":"https:\/\/vocesparalelas.com.ar\/sitio\/wp-json\/wp\/v2\/media\/76755"}],"wp:attachment":[{"href":"https:\/\/vocesparalelas.com.ar\/sitio\/wp-json\/wp\/v2\/media?parent=76752"}],"wp:term":[{"taxonomy":"category","embeddable":true,"href":"https:\/\/vocesparalelas.com.ar\/sitio\/wp-json\/wp\/v2\/categories?post=76752"},{"taxonomy":"post_tag","embeddable":true,"href":"https:\/\/vocesparalelas.com.ar\/sitio\/wp-json\/wp\/v2\/tags?post=76752"}],"curies":[{"name":"wp","href":"https:\/\/api.w.org\/{rel}","templated":true}]}}