{"id":76739,"date":"2024-09-10T19:54:39","date_gmt":"2024-09-10T22:54:39","guid":{"rendered":"https:\/\/vocesparalelas.com.ar\/sitio\/?p=76739"},"modified":"2024-09-10T20:43:55","modified_gmt":"2024-09-10T23:43:55","slug":"se-entrevisto-a-los-candidatos-al-cargo-de-fiscal-de-primera-instancia-del-poder-judicial-de-san-juan-por-la-camara-de-diputados","status":"publish","type":"post","link":"https:\/\/vocesparalelas.com.ar\/sitio\/se-entrevisto-a-los-candidatos-al-cargo-de-fiscal-de-primera-instancia-del-poder-judicial-de-san-juan-por-la-camara-de-diputados\/","title":{"rendered":"Se entrevist\u00f3 a los candidatos al cargo de Fiscal de Primera Instancia del Poder Judicial de San Juan por la C\u00e1mara de Diputados"},"content":{"rendered":"<p>El Martes, 10 de Septiembre, la comisi\u00f3n de Justicia y Seguridad de la C\u00e1mara de Diputados de San Juan continu\u00f3 con la realizaci\u00f3n de entrevistas a los candidatos para ocupar cargos vacantes en el Poder Judicial de San Juan.<\/p>\n<p>La reuni\u00f3n estuvo presidida por la presidente de comisi\u00f3n, diputada Marcela Quiroga y los legisladores Dr. Juan de la Cruz C\u00f3rdoba, Mario Herrero, Enzo Cornejo, Luis Rueda, Horacio Quiroga y las diputadas Alejandra Leonardo, Sonia Ferreyra, Stella Caparros.<\/p>\n<p>En la oportunidad, fueron entrevistados los profesionales para los cargos de Fiscal de Primera Instancia:<\/p>\n<p><span style=\"color: #666699;\"><strong>Sexta Terna<\/strong><\/span><\/p>\n<ul>\n<li>Dr. Leonardo Nelson Villalba<\/li>\n<li>Dr. Roberto Jorge Montilla<\/li>\n<li>Dra. Cora Beatriz Aguilar<\/li>\n<\/ul>\n<p><strong><span style=\"color: #666699;\">S\u00e9ptima terna<\/span><\/strong><\/p>\n<ul>\n<li>Dr. Federico Jos\u00e9 Petrignani Camargo<\/li>\n<li>Dra. Ivana Del Carmen Salas<\/li>\n<li>Dr. Nicol\u00e1s Eduardo Alvo L\u00f3pez<\/li>\n<\/ul>\n<figure id=\"attachment_37951\" aria-describedby=\"caption-attachment-37951\" style=\"width: 800px\" class=\"wp-caption alignnone\"><img loading=\"lazy\" decoding=\"async\" class=\"size-full wp-image-37951\" src=\"https:\/\/vocesparalelas.com.ar\/sitio\/wp-content\/uploads\/2021\/05\/CAMARA-EDIFICIO.jpg\" alt=\"\" width=\"800\" height=\"515\" srcset=\"https:\/\/vocesparalelas.com.ar\/sitio\/wp-content\/uploads\/2021\/05\/CAMARA-EDIFICIO.jpg 800w, https:\/\/vocesparalelas.com.ar\/sitio\/wp-content\/uploads\/2021\/05\/CAMARA-EDIFICIO-300x193.jpg 300w, https:\/\/vocesparalelas.com.ar\/sitio\/wp-content\/uploads\/2021\/05\/CAMARA-EDIFICIO-768x494.jpg 768w\" sizes=\"auto, (max-width: 800px) 100vw, 800px\" \/><figcaption id=\"caption-attachment-37951\" class=\"wp-caption-text\">Legislatura Provincial de San Juan, Rep\u00fablica Argentina<\/figcaption><\/figure>\n","protected":false},"excerpt":{"rendered":"<p>El Martes, 10 de Septiembre, la comisi\u00f3n de Justicia y Seguridad de la C\u00e1mara de Diputados de San Juan continu\u00f3<\/p>\n","protected":false},"author":3,"featured_media":76742,"comment_status":"closed","ping_status":"closed","sticky":false,"template":"","format":"standard","meta":{"_acf_changed":false,"_seopress_robots_primary_cat":"none","_seopress_titles_title":"","_seopress_titles_desc":"","_seopress_robots_index":"","colormag_page_container_layout":"default_layout","colormag_page_sidebar_layout":"default_layout","footnotes":""},"categories":[1],"tags":[],"class_list":["post-76739","post","type-post","status-publish","format-standard","has-post-thumbnail","hentry","category-destacadas"],"acf":[],"_links":{"self":[{"href":"https:\/\/vocesparalelas.com.ar\/sitio\/wp-json\/wp\/v2\/posts\/76739","targetHints":{"allow":["GET"]}}],"collection":[{"href":"https:\/\/vocesparalelas.com.ar\/sitio\/wp-json\/wp\/v2\/posts"}],"about":[{"href":"https:\/\/vocesparalelas.com.ar\/sitio\/wp-json\/wp\/v2\/types\/post"}],"author":[{"embeddable":true,"href":"https:\/\/vocesparalelas.com.ar\/sitio\/wp-json\/wp\/v2\/users\/3"}],"replies":[{"embeddable":true,"href":"https:\/\/vocesparalelas.com.ar\/sitio\/wp-json\/wp\/v2\/comments?post=76739"}],"version-history":[{"count":1,"href":"https:\/\/vocesparalelas.com.ar\/sitio\/wp-json\/wp\/v2\/posts\/76739\/revisions"}],"predecessor-version":[{"id":76743,"href":"https:\/\/vocesparalelas.com.ar\/sitio\/wp-json\/wp\/v2\/posts\/76739\/revisions\/76743"}],"wp:featuredmedia":[{"embeddable":true,"href":"https:\/\/vocesparalelas.com.ar\/sitio\/wp-json\/wp\/v2\/media\/76742"}],"wp:attachment":[{"href":"https:\/\/vocesparalelas.com.ar\/sitio\/wp-json\/wp\/v2\/media?parent=76739"}],"wp:term":[{"taxonomy":"category","embeddable":true,"href":"https:\/\/vocesparalelas.com.ar\/sitio\/wp-json\/wp\/v2\/categories?post=76739"},{"taxonomy":"post_tag","embeddable":true,"href":"https:\/\/vocesparalelas.com.ar\/sitio\/wp-json\/wp\/v2\/tags?post=76739"}],"curies":[{"name":"wp","href":"https:\/\/api.w.org\/{rel}","templated":true}]}}