{"id":76726,"date":"2024-09-10T12:46:46","date_gmt":"2024-09-10T15:46:46","guid":{"rendered":"https:\/\/vocesparalelas.com.ar\/sitio\/?p=76726"},"modified":"2024-09-10T12:46:46","modified_gmt":"2024-09-10T15:46:46","slug":"suspension-de-actividades-educativa-por-la-intensidad-del-viento-zonda-en-san-juan","status":"publish","type":"post","link":"https:\/\/vocesparalelas.com.ar\/sitio\/suspension-de-actividades-educativa-por-la-intensidad-del-viento-zonda-en-san-juan\/","title":{"rendered":"Suspensi\u00f3n de actividades educativa por la intensidad del Viento Zonda en San Juan"},"content":{"rendered":"<p>Ante el alerta de la intensidad del Viento Zonda, emitido por el Servicio Meteorol\u00f3gico Nacional y por recomendaci\u00f3n de Protecci\u00f3n Civil de la provincia; el Ministerio de Educaci\u00f3n del Gobierno de San Juan informa que se suspende la actividad educativa durante los turnos vespertino y nocturno de los diferentes los niveles y modalidades, el Martes, 09 de Septiembre.<\/p>\n<p>La medida es de car\u00e1cter preventivo y el Ministerio de Educaci\u00f3n recuerda a directivos y docentes que se activa el Plan de Contingencia (Resoluci\u00f3n 12277-ME2024).<\/p>\n<p>La evoluci\u00f3n de las condiciones clim\u00e1ticas se sigue atentamente y de cambiar la situaci\u00f3n se informa.<\/p>\n<p>&nbsp;<\/p>\n<p><img loading=\"lazy\" decoding=\"async\" class=\"alignnone size-full wp-image-28629\" src=\"https:\/\/vocesparalelas.com.ar\/sitio\/wp-content\/uploads\/2020\/05\/MINISTERIO-EDUCACION-SJ.jpg\" alt=\"\" width=\"800\" height=\"533\" srcset=\"https:\/\/vocesparalelas.com.ar\/sitio\/wp-content\/uploads\/2020\/05\/MINISTERIO-EDUCACION-SJ.jpg 800w, https:\/\/vocesparalelas.com.ar\/sitio\/wp-content\/uploads\/2020\/05\/MINISTERIO-EDUCACION-SJ-300x200.jpg 300w, https:\/\/vocesparalelas.com.ar\/sitio\/wp-content\/uploads\/2020\/05\/MINISTERIO-EDUCACION-SJ-768x512.jpg 768w\" sizes=\"auto, (max-width: 800px) 100vw, 800px\" \/><\/p>\n","protected":false},"excerpt":{"rendered":"<p>Ante el alerta de la intensidad del Viento Zonda, emitido por el Servicio Meteorol\u00f3gico Nacional y por recomendaci\u00f3n de Protecci\u00f3n<\/p>\n","protected":false},"author":3,"featured_media":4280,"comment_status":"closed","ping_status":"closed","sticky":false,"template":"","format":"standard","meta":{"_acf_changed":false,"_seopress_robots_primary_cat":"none","_seopress_titles_title":"","_seopress_titles_desc":"","_seopress_robots_index":"","colormag_page_container_layout":"default_layout","colormag_page_sidebar_layout":"default_layout","footnotes":""},"categories":[1],"tags":[],"class_list":["post-76726","post","type-post","status-publish","format-standard","has-post-thumbnail","hentry","category-destacadas"],"acf":[],"_links":{"self":[{"href":"https:\/\/vocesparalelas.com.ar\/sitio\/wp-json\/wp\/v2\/posts\/76726","targetHints":{"allow":["GET"]}}],"collection":[{"href":"https:\/\/vocesparalelas.com.ar\/sitio\/wp-json\/wp\/v2\/posts"}],"about":[{"href":"https:\/\/vocesparalelas.com.ar\/sitio\/wp-json\/wp\/v2\/types\/post"}],"author":[{"embeddable":true,"href":"https:\/\/vocesparalelas.com.ar\/sitio\/wp-json\/wp\/v2\/users\/3"}],"replies":[{"embeddable":true,"href":"https:\/\/vocesparalelas.com.ar\/sitio\/wp-json\/wp\/v2\/comments?post=76726"}],"version-history":[{"count":1,"href":"https:\/\/vocesparalelas.com.ar\/sitio\/wp-json\/wp\/v2\/posts\/76726\/revisions"}],"predecessor-version":[{"id":76729,"href":"https:\/\/vocesparalelas.com.ar\/sitio\/wp-json\/wp\/v2\/posts\/76726\/revisions\/76729"}],"wp:featuredmedia":[{"embeddable":true,"href":"https:\/\/vocesparalelas.com.ar\/sitio\/wp-json\/wp\/v2\/media\/4280"}],"wp:attachment":[{"href":"https:\/\/vocesparalelas.com.ar\/sitio\/wp-json\/wp\/v2\/media?parent=76726"}],"wp:term":[{"taxonomy":"category","embeddable":true,"href":"https:\/\/vocesparalelas.com.ar\/sitio\/wp-json\/wp\/v2\/categories?post=76726"},{"taxonomy":"post_tag","embeddable":true,"href":"https:\/\/vocesparalelas.com.ar\/sitio\/wp-json\/wp\/v2\/tags?post=76726"}],"curies":[{"name":"wp","href":"https:\/\/api.w.org\/{rel}","templated":true}]}}