{"id":76722,"date":"2024-09-09T23:28:49","date_gmt":"2024-09-10T02:28:49","guid":{"rendered":"https:\/\/vocesparalelas.com.ar\/sitio\/?p=76722"},"modified":"2024-09-09T23:28:49","modified_gmt":"2024-09-10T02:28:49","slug":"servicio-de-agua-potable-para-el-barrio-el-algarrobo-departamento-caucete","status":"publish","type":"post","link":"https:\/\/vocesparalelas.com.ar\/sitio\/servicio-de-agua-potable-para-el-barrio-el-algarrobo-departamento-caucete\/","title":{"rendered":"Servicio de agua potable para el Barrio El Algarrobo, Departamento Caucete"},"content":{"rendered":"<p>Obras Sanitarias informa que lleva a cabo una obra de empalme para incorporar a la red y brindar suministro de agua potable al Barrio El Algarrobo, departamento Caucete.<\/p>\n<p>Mientras, avancen las correspondientes maniobras, programadas para el Martes, 10 de Septiembre, el suministro se ve afectado en la franja horaria comprendida entre las 9 y las 16 hs., aproximadamente en Barrio Pie de Palo, Villa Etelvina, Villa Dolores y \u00e1reas aleda\u00f1as.<\/p>\n<p>Obras Sanitarias sugiere cuidar la reserva del tanque domiciliario, priorizando el consumo de agua potable para actividades b\u00e1sicas de higiene, bebida y alimentaci\u00f3n; y recordar que las reservas domiciliarias permiten afrontar eventos de estas caracter\u00edsticas por m\u00e1s de 24 horas, siempre que se haga un uso racional del agua.<\/p>\n<p><span style=\"color: #ff0000;\"><strong>Por consultas, la empresa pone a disposici\u00f3n v\u00edas de contacto:<\/strong><\/span><\/p>\n<ul>\n<li>Por WhatsApp 264 506 4444 (solo texto)<\/li>\n<li>Por l\u00ednea telef\u00f3nica gratuita: 0800-222-6773<\/li>\n<\/ul>\n<p><a href=\"http:\/\/www.ossesanjuan.com.ar\/v4\/tramites\/contacto\"><b>Sitio web de OSSE \/ contacto<\/b><\/a><b>.<\/b><\/p>\n<p><a href=\"https:\/\/www.facebook.com\/OSSESANJUAN\/\"><b>Facebook<\/b><\/a><\/p>\n<p><a href=\"https:\/\/www.instagram.com\/OSSESANJUAN\/\"><b>Instagram<\/b><\/a><\/p>\n<p>&nbsp;<\/p>\n<p><img loading=\"lazy\" decoding=\"async\" class=\"alignnone size-large wp-image-5068\" src=\"https:\/\/vocesparalelas.com.ar\/sitio\/wp-content\/uploads\/2017\/09\/OSSE-08-800x450.jpg\" alt=\"\" width=\"800\" height=\"450\" srcset=\"https:\/\/vocesparalelas.com.ar\/sitio\/wp-content\/uploads\/2017\/09\/OSSE-08-800x450.jpg 800w, https:\/\/vocesparalelas.com.ar\/sitio\/wp-content\/uploads\/2017\/09\/OSSE-08-300x169.jpg 300w, https:\/\/vocesparalelas.com.ar\/sitio\/wp-content\/uploads\/2017\/09\/OSSE-08-768x432.jpg 768w, https:\/\/vocesparalelas.com.ar\/sitio\/wp-content\/uploads\/2017\/09\/OSSE-08.jpg 1024w\" sizes=\"auto, (max-width: 800px) 100vw, 800px\" \/><\/p>\n","protected":false},"excerpt":{"rendered":"<p>Obras Sanitarias informa que lleva a cabo una obra de empalme para incorporar a la red y brindar suministro de<\/p>\n","protected":false},"author":3,"featured_media":18050,"comment_status":"closed","ping_status":"closed","sticky":false,"template":"","format":"standard","meta":{"_acf_changed":false,"_seopress_robots_primary_cat":"none","_seopress_titles_title":"","_seopress_titles_desc":"","_seopress_robots_index":"","colormag_page_container_layout":"default_layout","colormag_page_sidebar_layout":"default_layout","footnotes":""},"categories":[1],"tags":[],"class_list":["post-76722","post","type-post","status-publish","format-standard","has-post-thumbnail","hentry","category-destacadas"],"acf":[],"_links":{"self":[{"href":"https:\/\/vocesparalelas.com.ar\/sitio\/wp-json\/wp\/v2\/posts\/76722","targetHints":{"allow":["GET"]}}],"collection":[{"href":"https:\/\/vocesparalelas.com.ar\/sitio\/wp-json\/wp\/v2\/posts"}],"about":[{"href":"https:\/\/vocesparalelas.com.ar\/sitio\/wp-json\/wp\/v2\/types\/post"}],"author":[{"embeddable":true,"href":"https:\/\/vocesparalelas.com.ar\/sitio\/wp-json\/wp\/v2\/users\/3"}],"replies":[{"embeddable":true,"href":"https:\/\/vocesparalelas.com.ar\/sitio\/wp-json\/wp\/v2\/comments?post=76722"}],"version-history":[{"count":1,"href":"https:\/\/vocesparalelas.com.ar\/sitio\/wp-json\/wp\/v2\/posts\/76722\/revisions"}],"predecessor-version":[{"id":76725,"href":"https:\/\/vocesparalelas.com.ar\/sitio\/wp-json\/wp\/v2\/posts\/76722\/revisions\/76725"}],"wp:featuredmedia":[{"embeddable":true,"href":"https:\/\/vocesparalelas.com.ar\/sitio\/wp-json\/wp\/v2\/media\/18050"}],"wp:attachment":[{"href":"https:\/\/vocesparalelas.com.ar\/sitio\/wp-json\/wp\/v2\/media?parent=76722"}],"wp:term":[{"taxonomy":"category","embeddable":true,"href":"https:\/\/vocesparalelas.com.ar\/sitio\/wp-json\/wp\/v2\/categories?post=76722"},{"taxonomy":"post_tag","embeddable":true,"href":"https:\/\/vocesparalelas.com.ar\/sitio\/wp-json\/wp\/v2\/tags?post=76722"}],"curies":[{"name":"wp","href":"https:\/\/api.w.org\/{rel}","templated":true}]}}