{"id":76710,"date":"2024-09-09T22:13:37","date_gmt":"2024-09-10T01:13:37","guid":{"rendered":"https:\/\/vocesparalelas.com.ar\/sitio\/?p=76710"},"modified":"2024-09-09T22:13:37","modified_gmt":"2024-09-10T01:13:37","slug":"continua-el-plan-de-conservacion-y-mejoramiento-de-la-red-vial-de-san-juan","status":"publish","type":"post","link":"https:\/\/vocesparalelas.com.ar\/sitio\/continua-el-plan-de-conservacion-y-mejoramiento-de-la-red-vial-de-san-juan\/","title":{"rendered":"Contin\u00faa el Plan de Conservaci\u00f3n y Mejoramiento de la red vial de San Juan"},"content":{"rendered":"<p>En el marco del\u00a0Plan de Conservaci\u00f3n y Mejoramiento de la red vial provincial,\u00a0contin\u00faan las obras en diversas calles de los departamentos que conforman\u00a0el Gran San Juan.<\/p>\n<p>El plan incluye trabajos de pavimentaci\u00f3n y repavimentaci\u00f3n en las rutas provinciales m\u00e1s transitadas, as\u00ed como el mantenimiento en aquellas que presentan mayor deterioro.<\/p>\n<p>Estas inversiones en infraestructura vial benefician a la comunidad que transitan diariamente por las principales calles de la provincia.<\/p>\n<p>Desde la Direcci\u00f3n Provincial de Vialidad, dependiente del\u00a0Ministerio de Infraestructura, Agua y Energ\u00eda del Gobierno de San Juan, se avanza simult\u00e1neamente con obras en distintos departamentos, como Santa Luc\u00eda, Rawson y Rivadavia. En algunas zonas ya se culminaron las tareas, mientras que en otras se logr\u00f3 importantes avances.<\/p>\n<p>En San Juan, Ruta Provincial N\u00b0 118, en el Departamento Santa Luc\u00eda,\u00a0se trabaj\u00f3 durante varios meses en las etapas de movimiento de suelo, imprimaci\u00f3n y pavimentaci\u00f3n, en un tramo que se extiende entre calles San Lorenzo y Cordillera de Los Andes. Recientemente se complet\u00f3 la demarcaci\u00f3n horizontal y el se\u00f1alamiento vertical, dejando esta v\u00eda en \u00f3ptimas condiciones de seguridad para su circulaci\u00f3n.<\/p>\n<p>Tambi\u00e9n, se avanza en el mantenimiento de Alfonso XIII, RP N\u00b0 5, Departamento Rawson,\u00a0que necesitaba intervenci\u00f3n debido a las acentuadas deformaciones en el pavimento, convirti\u00e9ndola en una calle peligrosa para el tr\u00e1nsito. Los equipos de movimiento de suelo llevan varias semanas trabajando en la remoci\u00f3n del pavimento existente, retirando m\u00e1s de 1300 m\u00b3 de material. Debido a la presencia de maquinaria en la zona, se desvi\u00f3 el tr\u00e1nsito por la calle Vicente L\u00f3pez y Planes.<\/p>\n<p>En el Departamento Rivadavia, se avanz\u00f3 con las obras en dos importantes rutas provinciales,\u00a0calle Calivar (RP N\u00b0 68) y calle Pellegrini (RP N\u00b0 62). En el primer caso, se ejecutaron las obras de repavimentaci\u00f3n en el tramo comprendido entre Rep\u00fablica del L\u00edbano y avenida Ignacio de la Roza, y actualmente se contin\u00faa con el reacondicionamiento de banquinas, para dejarlo a nivel de la nueva carpeta asf\u00e1ltica.<\/p>\n<p>En Pellegrini, se ejecutaron trabajos de repavimentaci\u00f3n en una longitud de 1.500 metros, aproximadamente, y se efect\u00faan tareas de reacondicionamiento en otro de los tramos, que incluye un proceso de trabajo de escarificaci\u00f3n (eliminaci\u00f3n) del pavimento en mal estado, agregado de material de base, compactaci\u00f3n e imprimaci\u00f3n en una longitud de 120 metros aproximadamente.<\/p>\n<p>De esta manera,\u00a0avanza la infraestructura vial en toda la provincia, gracias al esfuerzo de una gesti\u00f3n que sigue impulsando la obra p\u00fablica para continuar construyendo un mejor futuro.<\/p>\n<p>&nbsp;<\/p>\n<p><img loading=\"lazy\" decoding=\"async\" class=\"alignnone size-full wp-image-65642\" src=\"https:\/\/vocesparalelas.com.ar\/sitio\/wp-content\/uploads\/2023\/11\/GOBIERNO-SAN-JUAN.jpg\" alt=\"\" width=\"800\" height=\"600\" srcset=\"https:\/\/vocesparalelas.com.ar\/sitio\/wp-content\/uploads\/2023\/11\/GOBIERNO-SAN-JUAN.jpg 800w, https:\/\/vocesparalelas.com.ar\/sitio\/wp-content\/uploads\/2023\/11\/GOBIERNO-SAN-JUAN-300x225.jpg 300w, https:\/\/vocesparalelas.com.ar\/sitio\/wp-content\/uploads\/2023\/11\/GOBIERNO-SAN-JUAN-768x576.jpg 768w\" sizes=\"auto, (max-width: 800px) 100vw, 800px\" \/><\/p>\n","protected":false},"excerpt":{"rendered":"<p>En el marco del\u00a0Plan de Conservaci\u00f3n y Mejoramiento de la red vial provincial,\u00a0contin\u00faan las obras en diversas calles de los<\/p>\n","protected":false},"author":3,"featured_media":76713,"comment_status":"closed","ping_status":"closed","sticky":false,"template":"","format":"standard","meta":{"_acf_changed":false,"_seopress_robots_primary_cat":"none","_seopress_titles_title":"","_seopress_titles_desc":"","_seopress_robots_index":"","colormag_page_container_layout":"default_layout","colormag_page_sidebar_layout":"default_layout","footnotes":""},"categories":[1],"tags":[],"class_list":["post-76710","post","type-post","status-publish","format-standard","has-post-thumbnail","hentry","category-destacadas"],"acf":[],"_links":{"self":[{"href":"https:\/\/vocesparalelas.com.ar\/sitio\/wp-json\/wp\/v2\/posts\/76710","targetHints":{"allow":["GET"]}}],"collection":[{"href":"https:\/\/vocesparalelas.com.ar\/sitio\/wp-json\/wp\/v2\/posts"}],"about":[{"href":"https:\/\/vocesparalelas.com.ar\/sitio\/wp-json\/wp\/v2\/types\/post"}],"author":[{"embeddable":true,"href":"https:\/\/vocesparalelas.com.ar\/sitio\/wp-json\/wp\/v2\/users\/3"}],"replies":[{"embeddable":true,"href":"https:\/\/vocesparalelas.com.ar\/sitio\/wp-json\/wp\/v2\/comments?post=76710"}],"version-history":[{"count":1,"href":"https:\/\/vocesparalelas.com.ar\/sitio\/wp-json\/wp\/v2\/posts\/76710\/revisions"}],"predecessor-version":[{"id":76714,"href":"https:\/\/vocesparalelas.com.ar\/sitio\/wp-json\/wp\/v2\/posts\/76710\/revisions\/76714"}],"wp:featuredmedia":[{"embeddable":true,"href":"https:\/\/vocesparalelas.com.ar\/sitio\/wp-json\/wp\/v2\/media\/76713"}],"wp:attachment":[{"href":"https:\/\/vocesparalelas.com.ar\/sitio\/wp-json\/wp\/v2\/media?parent=76710"}],"wp:term":[{"taxonomy":"category","embeddable":true,"href":"https:\/\/vocesparalelas.com.ar\/sitio\/wp-json\/wp\/v2\/categories?post=76710"},{"taxonomy":"post_tag","embeddable":true,"href":"https:\/\/vocesparalelas.com.ar\/sitio\/wp-json\/wp\/v2\/tags?post=76710"}],"curies":[{"name":"wp","href":"https:\/\/api.w.org\/{rel}","templated":true}]}}