{"id":76705,"date":"2024-09-09T21:56:52","date_gmt":"2024-09-10T00:56:52","guid":{"rendered":"https:\/\/vocesparalelas.com.ar\/sitio\/?p=76705"},"modified":"2024-09-10T22:07:38","modified_gmt":"2024-09-11T01:07:38","slug":"se-rematan-71-vehiculos-de-la-policia-de-san-juan","status":"publish","type":"post","link":"https:\/\/vocesparalelas.com.ar\/sitio\/se-rematan-71-vehiculos-de-la-policia-de-san-juan\/","title":{"rendered":"Se rematan 71 veh\u00edculos de la Polic\u00eda de San Juan"},"content":{"rendered":"<p>El Viernes, 13 de Septiembre de 2024, a las 15:30 hs.; en el play\u00f3n de estacionamiento de la Gerencia de Pr\u00e9stamos de la CAS, Mendoza 451 &#8211; S &#8211; Capital, donde realiza el remate de movilidades, en esta oportunidad, 71 veh\u00edculos de la Polic\u00eda de San Juan, siendo uno de los m\u00e1s importantes por la cantidad de movilidades que se presentan en el remate.<\/p>\n<p>Hasta entonces, los interesados pueden asistir de Lunes a Jueves, de 14 a 18 hs, a ver los veh\u00edculos que est\u00e1n en exhibici\u00f3n en el predio del Bolet\u00edn Oficial, Ex Urbino, Corrientes 1090 &#8211; E &#8211; Capital.<\/p>\n<p>Por ello, el presidente de la CAS, Dr. Juan Pablo Medina,\u00a0 explic\u00f3 que \u00ablas movilidades se pueden adquirir a un precio bastante inferior a los que se pueden conseguir en el mercado. Son 71 veh\u00edculos de la Polic\u00eda de San Juan, un n\u00famero enorme, probablemente uno de los m\u00e1s importantes que se haya realizado de un organismo de la provincia en la Caja de Acci\u00f3n Social\u201d.<\/p>\n<p>\u201cEso nos obliga a estar m\u00e1s concentrados en que salga todo de la mejor manera. Estamos bastante seguros en que estamos trabajando bien y que va a salir todo muy bien\u201d.<\/p>\n<p>La flota de 71 movilidades est\u00e1 compuesta por autos y camionetas con un precio base de 150.000 pesos. Para adquirirlas, los interesados deber\u00e1n cumplir con las siguientes condiciones de pago:<\/p>\n<ul>\n<li>Se\u00f1a del 10% m\u00e1s 10% de comisi\u00f3n del martillero.<\/li>\n<li>Pago contado o transferencia bancaria inmediata.<\/li>\n<li>Plazo de cancelaci\u00f3n: hasta 5 d\u00edas h\u00e1biles posteriores a la fecha del remate<\/li>\n<\/ul>\n<p><img loading=\"lazy\" decoding=\"async\" class=\"alignnone size-full wp-image-65642\" src=\"https:\/\/vocesparalelas.com.ar\/sitio\/wp-content\/uploads\/2023\/11\/GOBIERNO-SAN-JUAN.jpg\" alt=\"\" width=\"800\" height=\"600\" srcset=\"https:\/\/vocesparalelas.com.ar\/sitio\/wp-content\/uploads\/2023\/11\/GOBIERNO-SAN-JUAN.jpg 800w, https:\/\/vocesparalelas.com.ar\/sitio\/wp-content\/uploads\/2023\/11\/GOBIERNO-SAN-JUAN-300x225.jpg 300w, https:\/\/vocesparalelas.com.ar\/sitio\/wp-content\/uploads\/2023\/11\/GOBIERNO-SAN-JUAN-768x576.jpg 768w\" sizes=\"auto, (max-width: 800px) 100vw, 800px\" \/><\/p>\n","protected":false},"excerpt":{"rendered":"<p>El Viernes, 13 de Septiembre de 2024, a las 15:30 hs.; en el play\u00f3n de estacionamiento de la Gerencia de<\/p>\n","protected":false},"author":3,"featured_media":76708,"comment_status":"closed","ping_status":"closed","sticky":false,"template":"","format":"standard","meta":{"_acf_changed":false,"_seopress_robots_primary_cat":"none","_seopress_titles_title":"","_seopress_titles_desc":"","_seopress_robots_index":"","colormag_page_container_layout":"default_layout","colormag_page_sidebar_layout":"default_layout","footnotes":""},"categories":[2],"tags":[],"class_list":["post-76705","post","type-post","status-publish","format-standard","has-post-thumbnail","hentry","category-convocatorias"],"acf":[],"_links":{"self":[{"href":"https:\/\/vocesparalelas.com.ar\/sitio\/wp-json\/wp\/v2\/posts\/76705","targetHints":{"allow":["GET"]}}],"collection":[{"href":"https:\/\/vocesparalelas.com.ar\/sitio\/wp-json\/wp\/v2\/posts"}],"about":[{"href":"https:\/\/vocesparalelas.com.ar\/sitio\/wp-json\/wp\/v2\/types\/post"}],"author":[{"embeddable":true,"href":"https:\/\/vocesparalelas.com.ar\/sitio\/wp-json\/wp\/v2\/users\/3"}],"replies":[{"embeddable":true,"href":"https:\/\/vocesparalelas.com.ar\/sitio\/wp-json\/wp\/v2\/comments?post=76705"}],"version-history":[{"count":1,"href":"https:\/\/vocesparalelas.com.ar\/sitio\/wp-json\/wp\/v2\/posts\/76705\/revisions"}],"predecessor-version":[{"id":76709,"href":"https:\/\/vocesparalelas.com.ar\/sitio\/wp-json\/wp\/v2\/posts\/76705\/revisions\/76709"}],"wp:featuredmedia":[{"embeddable":true,"href":"https:\/\/vocesparalelas.com.ar\/sitio\/wp-json\/wp\/v2\/media\/76708"}],"wp:attachment":[{"href":"https:\/\/vocesparalelas.com.ar\/sitio\/wp-json\/wp\/v2\/media?parent=76705"}],"wp:term":[{"taxonomy":"category","embeddable":true,"href":"https:\/\/vocesparalelas.com.ar\/sitio\/wp-json\/wp\/v2\/categories?post=76705"},{"taxonomy":"post_tag","embeddable":true,"href":"https:\/\/vocesparalelas.com.ar\/sitio\/wp-json\/wp\/v2\/tags?post=76705"}],"curies":[{"name":"wp","href":"https:\/\/api.w.org\/{rel}","templated":true}]}}