{"id":76701,"date":"2024-09-09T21:19:42","date_gmt":"2024-09-10T00:19:42","guid":{"rendered":"https:\/\/vocesparalelas.com.ar\/sitio\/?p=76701"},"modified":"2024-09-10T21:37:25","modified_gmt":"2024-09-11T00:37:25","slug":"capacitacion-educacion-inclusiva-para-los-docentes-de-la-unsj","status":"publish","type":"post","link":"https:\/\/vocesparalelas.com.ar\/sitio\/capacitacion-educacion-inclusiva-para-los-docentes-de-la-unsj\/","title":{"rendered":"Capacitaci\u00f3n \u00abEducaci\u00f3n Inclusiva\u00bb para los Docentes de la UNSJ"},"content":{"rendered":"<div class=\"box-sociales\">La formaci\u00f3n gratuita en condiciones y ambiente de trabajo para docentes de la UNSJ, incluir\u00e1 desaf\u00edos, estrategias y buenas pr\u00e1cticas.<\/div>\n<div><\/div>\n<div class=\"box-sociales\">La docente a cargo es la Prof. M\u00f3nica Dom\u00ednguez, Profesora Universitaria en Sordos y Terapeuta del Lenguaje de la Universidad Nacional de Cuyo.<\/div>\n<div class=\"box-text\">\n<p>Los d\u00edas que se dicta la capacitaci\u00f3n son los Jueves, 12; 19 y 26 de Septiembre y el 3 de Octubre de 2024. Las certificaciones son con resoluci\u00f3n del Rectorado de la UNSJ.<\/p>\n<p><span style=\"color: #ff6600;\"><strong>Inscripci\u00f3n<\/strong><\/span><\/p>\n<p><a href=\"https:\/\/accounts.google.com\/v3\/signin\/identifier?continue=https%3A%2F%2Fdocs.google.com%2Fforms%2Fd%2Fe%2F1FAIpQLSesAAndVnUA0FJly8xxmwT18FaYbsy7x1cFsvoN8U-SrcYXGg%2Fviewform%3Fusp%3Dsend_form&amp;followup=https%3A%2F%2Fdocs.google.com%2Fforms%2Fd%2Fe%2F1FAIpQLSesAAndVnUA0FJly8xxmwT18FaYbsy7x1cFsvoN8U-SrcYXGg%2Fviewform%3Fusp%3Dsend_form&amp;ifkv=Ab5oB3qe-mMF7LqZ9a8O_RzLmGhP_xogFEtNghPOywd-kphwbmRVxgyiDdAqw7uIFj5gifPwMd_VgA&amp;ltmpl=forms&amp;osid=1&amp;passive=1209600&amp;service=wise&amp;flowName=GlifWebSignIn&amp;flowEntry=ServiceLogin&amp;dsh=S186063779%3A1725892108814981&amp;ddm=0\" target=\"_blank\" rel=\"noopener\">https:\/\/forms.gle\/3GHzXRqXYKiGpUjR7<\/a><\/p>\n<\/div>\n<p><img loading=\"lazy\" decoding=\"async\" class=\"alignnone size-full wp-image-54035\" src=\"https:\/\/vocesparalelas.com.ar\/sitio\/wp-content\/uploads\/2022\/11\/UNSJ-LOGO-10.jpg\" alt=\"\" width=\"800\" height=\"533\" srcset=\"https:\/\/vocesparalelas.com.ar\/sitio\/wp-content\/uploads\/2022\/11\/UNSJ-LOGO-10.jpg 800w, https:\/\/vocesparalelas.com.ar\/sitio\/wp-content\/uploads\/2022\/11\/UNSJ-LOGO-10-300x200.jpg 300w, https:\/\/vocesparalelas.com.ar\/sitio\/wp-content\/uploads\/2022\/11\/UNSJ-LOGO-10-768x512.jpg 768w\" sizes=\"auto, (max-width: 800px) 100vw, 800px\" \/><\/p>\n","protected":false},"excerpt":{"rendered":"<p>La formaci\u00f3n gratuita en condiciones y ambiente de trabajo para docentes de la UNSJ, incluir\u00e1 desaf\u00edos, estrategias y buenas pr\u00e1cticas.<\/p>\n","protected":false},"author":3,"featured_media":23129,"comment_status":"closed","ping_status":"closed","sticky":false,"template":"","format":"standard","meta":{"_acf_changed":false,"_seopress_robots_primary_cat":"none","_seopress_titles_title":"","_seopress_titles_desc":"","_seopress_robots_index":"","colormag_page_container_layout":"default_layout","colormag_page_sidebar_layout":"default_layout","footnotes":""},"categories":[9],"tags":[],"class_list":["post-76701","post","type-post","status-publish","format-standard","has-post-thumbnail","hentry","category-cursos"],"acf":[],"_links":{"self":[{"href":"https:\/\/vocesparalelas.com.ar\/sitio\/wp-json\/wp\/v2\/posts\/76701","targetHints":{"allow":["GET"]}}],"collection":[{"href":"https:\/\/vocesparalelas.com.ar\/sitio\/wp-json\/wp\/v2\/posts"}],"about":[{"href":"https:\/\/vocesparalelas.com.ar\/sitio\/wp-json\/wp\/v2\/types\/post"}],"author":[{"embeddable":true,"href":"https:\/\/vocesparalelas.com.ar\/sitio\/wp-json\/wp\/v2\/users\/3"}],"replies":[{"embeddable":true,"href":"https:\/\/vocesparalelas.com.ar\/sitio\/wp-json\/wp\/v2\/comments?post=76701"}],"version-history":[{"count":1,"href":"https:\/\/vocesparalelas.com.ar\/sitio\/wp-json\/wp\/v2\/posts\/76701\/revisions"}],"predecessor-version":[{"id":76704,"href":"https:\/\/vocesparalelas.com.ar\/sitio\/wp-json\/wp\/v2\/posts\/76701\/revisions\/76704"}],"wp:featuredmedia":[{"embeddable":true,"href":"https:\/\/vocesparalelas.com.ar\/sitio\/wp-json\/wp\/v2\/media\/23129"}],"wp:attachment":[{"href":"https:\/\/vocesparalelas.com.ar\/sitio\/wp-json\/wp\/v2\/media?parent=76701"}],"wp:term":[{"taxonomy":"category","embeddable":true,"href":"https:\/\/vocesparalelas.com.ar\/sitio\/wp-json\/wp\/v2\/categories?post=76701"},{"taxonomy":"post_tag","embeddable":true,"href":"https:\/\/vocesparalelas.com.ar\/sitio\/wp-json\/wp\/v2\/tags?post=76701"}],"curies":[{"name":"wp","href":"https:\/\/api.w.org\/{rel}","templated":true}]}}