{"id":76697,"date":"2024-09-09T20:36:04","date_gmt":"2024-09-09T23:36:04","guid":{"rendered":"https:\/\/vocesparalelas.com.ar\/sitio\/?p=76697"},"modified":"2024-09-10T12:49:05","modified_gmt":"2024-09-10T15:49:05","slug":"tablao-flamenco-y-copla-en-el-teatro-del-bicentenario-de-san-juan","status":"publish","type":"post","link":"https:\/\/vocesparalelas.com.ar\/sitio\/tablao-flamenco-y-copla-en-el-teatro-del-bicentenario-de-san-juan\/","title":{"rendered":"\u201cTablao flamenco y copla\u201d en el Teatro del Bicentenario de San Juan"},"content":{"rendered":"<p>El Ministerio de Turismo, Cultura y Deporte del Gobierno de San Juan, a trav\u00e9s del Teatro del Bicentenario, presenta \u201cTablao flamenco y copla\u201d, un espect\u00e1culo a cargo de la compa\u00f1\u00eda Aires de C\u00e1diz junto al grupo musical de Mariana Clemens\u00f3.<\/p>\n<p>En esta ocasi\u00f3n, el grupo independiente dirigido por Cuky Maestro se re\u00fane por primera vez en el escenario con Clemens\u00f3 para brindar una serie de cuadros art\u00edsticos con repertorios de coplas, boleros, flamenco puro y fusi\u00f3n, con elementos que aparecer\u00e1n en la danza como la bata de cola, el abanico y mant\u00f3n. La propuesta fusiona lo tradicional con lo moderno, haciendo de un Tablao flamenco o de una Copla, una escena llamativa y viva.<\/p>\n<p>Tablao flamenco y copla sube a escena el S\u00e1bado, 20 de Septiembre, a las 22:00 hs, en la Sala Audit\u00f3rium del Teatro del Bicentenario. El p\u00fablico disfruta de un evocador espect\u00e1culo de 70 minutos a pura m\u00fasica y danza espa\u00f1ola.<\/p>\n<p>La entrada general es de $8000 y se encuentra disponible en Boleter\u00eda del TB, con descuentos exclusivos de Lunes a Viernes, de 9:00 a 14:00 hs, 16:00 a 20:00 hs, y los S\u00e1bados, de 10:00 a 14:00 hs o desde una hora antes de la funci\u00f3n.<\/p>\n<p>Tambi\u00e9n se encuentra disponible en\u00a0<a href=\"https:\/\/tbsj.tuentrada.com\/selection\/event\/date?productId=10229060034527\">https:\/\/tbsj.tuentrada.com\/selection\/event\/date?productId=10229060034527<\/a><\/p>\n<p>La funci\u00f3n cuenta con los siguientes beneficios que son exclusivos en boleter\u00eda del Teatro:<\/p>\n<ul>\n<li>Ticket ya: 20% de descuento en todas las funciones y ubicaci\u00f3n a elecci\u00f3n hasta 72hs ANTES del evento, hasta 2 tickets por persona.<\/li>\n<li>Ticket Joven: 50% de descuento para j\u00f3venes de 13 hasta 24 a\u00f1os, inclusive, presentando DNI; en todas las funciones, ubicaci\u00f3n a elecci\u00f3n.<\/li>\n<li>Tickets jubilados 20% de descuento a jubilados presentando DNI \u2013 recibo de haberes y\/o carnet PAMI (hasta 2 tickets por persona).<\/li>\n<\/ul>\n<p><img loading=\"lazy\" decoding=\"async\" class=\"alignnone size-large wp-image-41613\" src=\"https:\/\/vocesparalelas.com.ar\/sitio\/wp-content\/uploads\/2021\/09\/teatro-bicentenario-800x533.jpg\" alt=\"\" width=\"800\" height=\"533\" srcset=\"https:\/\/vocesparalelas.com.ar\/sitio\/wp-content\/uploads\/2021\/09\/teatro-bicentenario-800x533.jpg 800w, https:\/\/vocesparalelas.com.ar\/sitio\/wp-content\/uploads\/2021\/09\/teatro-bicentenario-300x200.jpg 300w, https:\/\/vocesparalelas.com.ar\/sitio\/wp-content\/uploads\/2021\/09\/teatro-bicentenario-768x512.jpg 768w, https:\/\/vocesparalelas.com.ar\/sitio\/wp-content\/uploads\/2021\/09\/teatro-bicentenario.jpg 1023w\" sizes=\"auto, (max-width: 800px) 100vw, 800px\" \/><\/p>\n<p>Los descuentos son v\u00e1lidos solo en Boleter\u00eda del TB, de lunes a viernes de 9:30 a 14:00 hs, de 16:00 a 20:00 hs y s\u00e1bados de 10:00 a 14:00 hs, o el d\u00eda de la funci\u00f3n desde 1 hora antes de la misma.<\/p>\n<p><img loading=\"lazy\" decoding=\"async\" class=\"alignnone size-large wp-image-21666\" src=\"https:\/\/vocesparalelas.com.ar\/sitio\/wp-content\/uploads\/2019\/06\/TEATRO-BICENTENARIO-10-800x600.jpg\" alt=\"\" width=\"800\" height=\"600\" srcset=\"https:\/\/vocesparalelas.com.ar\/sitio\/wp-content\/uploads\/2019\/06\/TEATRO-BICENTENARIO-10-800x600.jpg 800w, https:\/\/vocesparalelas.com.ar\/sitio\/wp-content\/uploads\/2019\/06\/TEATRO-BICENTENARIO-10-300x225.jpg 300w, https:\/\/vocesparalelas.com.ar\/sitio\/wp-content\/uploads\/2019\/06\/TEATRO-BICENTENARIO-10-768x576.jpg 768w, https:\/\/vocesparalelas.com.ar\/sitio\/wp-content\/uploads\/2019\/06\/TEATRO-BICENTENARIO-10.jpg 1000w\" sizes=\"auto, (max-width: 800px) 100vw, 800px\" \/><\/p>\n<p>&nbsp;<\/p>\n","protected":false},"excerpt":{"rendered":"<p>El Ministerio de Turismo, Cultura y Deporte del Gobierno de San Juan, a trav\u00e9s del Teatro del Bicentenario, presenta \u201cTablao<\/p>\n","protected":false},"author":3,"featured_media":49516,"comment_status":"closed","ping_status":"closed","sticky":false,"template":"","format":"standard","meta":{"_acf_changed":false,"_seopress_robots_primary_cat":"none","_seopress_titles_title":"","_seopress_titles_desc":"","_seopress_robots_index":"","colormag_page_container_layout":"default_layout","colormag_page_sidebar_layout":"default_layout","footnotes":""},"categories":[20],"tags":[],"class_list":["post-76697","post","type-post","status-publish","format-standard","has-post-thumbnail","hentry","category-cartelera"],"acf":[],"_links":{"self":[{"href":"https:\/\/vocesparalelas.com.ar\/sitio\/wp-json\/wp\/v2\/posts\/76697","targetHints":{"allow":["GET"]}}],"collection":[{"href":"https:\/\/vocesparalelas.com.ar\/sitio\/wp-json\/wp\/v2\/posts"}],"about":[{"href":"https:\/\/vocesparalelas.com.ar\/sitio\/wp-json\/wp\/v2\/types\/post"}],"author":[{"embeddable":true,"href":"https:\/\/vocesparalelas.com.ar\/sitio\/wp-json\/wp\/v2\/users\/3"}],"replies":[{"embeddable":true,"href":"https:\/\/vocesparalelas.com.ar\/sitio\/wp-json\/wp\/v2\/comments?post=76697"}],"version-history":[{"count":1,"href":"https:\/\/vocesparalelas.com.ar\/sitio\/wp-json\/wp\/v2\/posts\/76697\/revisions"}],"predecessor-version":[{"id":76700,"href":"https:\/\/vocesparalelas.com.ar\/sitio\/wp-json\/wp\/v2\/posts\/76697\/revisions\/76700"}],"wp:featuredmedia":[{"embeddable":true,"href":"https:\/\/vocesparalelas.com.ar\/sitio\/wp-json\/wp\/v2\/media\/49516"}],"wp:attachment":[{"href":"https:\/\/vocesparalelas.com.ar\/sitio\/wp-json\/wp\/v2\/media?parent=76697"}],"wp:term":[{"taxonomy":"category","embeddable":true,"href":"https:\/\/vocesparalelas.com.ar\/sitio\/wp-json\/wp\/v2\/categories?post=76697"},{"taxonomy":"post_tag","embeddable":true,"href":"https:\/\/vocesparalelas.com.ar\/sitio\/wp-json\/wp\/v2\/tags?post=76697"}],"curies":[{"name":"wp","href":"https:\/\/api.w.org\/{rel}","templated":true}]}}