{"id":76640,"date":"2024-09-06T22:47:56","date_gmt":"2024-09-07T01:47:56","guid":{"rendered":"https:\/\/vocesparalelas.com.ar\/sitio\/?p=76640"},"modified":"2024-09-08T20:41:24","modified_gmt":"2024-09-08T23:41:24","slug":"seminario-aproximacion-a-la-educacion-inclusiva-desde-una-perspectiva-de-discapacidad","status":"publish","type":"post","link":"https:\/\/vocesparalelas.com.ar\/sitio\/seminario-aproximacion-a-la-educacion-inclusiva-desde-una-perspectiva-de-discapacidad\/","title":{"rendered":"Seminario \u201cAproximaci\u00f3n a la educaci\u00f3n inclusiva desde una perspectiva de discapacidad\u201d"},"content":{"rendered":"<p>Los Departamentos de Artes Visuales junto al de Filosof\u00eda y Ciencias de la Educaci\u00f3n y el Instituto de Investigaciones en Ciencias de la Educaci\u00f3n\u00a0 de la Facultad de Filosof\u00eda, Humanidades y Artes de la Universidad Nacional de San Juan invitan al Seminario \u201cAproximaci\u00f3n a la educaci\u00f3n inclusiva desde una perspectiva de discapacidad.\u201d<\/p>\n<p>El Seminario-Taller propone lineamientos generales para conocer y analizar no s\u00f3lo el contexto escolar de las personas con discapacidad, sino tambi\u00e9n el contexto social, teniendo en cuenta las tendencias actuales, y evidenciando los cambios, desaf\u00edos y progresos en esta modalidad.<\/p>\n<p>Este espacio abre una ventana para desarrollar una mirada cr\u00edtica y reflexiva acerca de la inclusi\u00f3n educativa, para reconocer y garantizar derechos, participaci\u00f3n y accesibilidad. Invita a reconocernos como actores fundamentales en los procesos pedag\u00f3gicos en aulas heterog\u00e9neas, que demandan estrategias que respondan a tal diversidad.<\/p>\n<p>Esta actividad est\u00e1 a cargo de la Esp. Silvina Carelli y la Esp. Mar\u00eda In\u00e9s D\u00edaz Alonso, y la participaci\u00f3n de la Esp. Betina Gim\u00e9nez. Se dictan los S\u00e1bados, el 14 y 21 de Septiembre y 5 de octubre, de 9 a 12, en la, Sala de Audio y Video de FFHA.<\/p>\n<p><span style=\"color: #ff6600;\"><strong>Inscripciones<\/strong><\/span><\/p>\n<ul>\n<li>Estudiantes avanzados del Profesorado de Artes Visuales, en el CUIM de la UNSJ, de Lunes a Viernes, de 14 a 19 hs. Gratuito.<\/li>\n<\/ul>\n<p><img loading=\"lazy\" decoding=\"async\" class=\"alignnone size-large wp-image-23439\" src=\"https:\/\/vocesparalelas.com.ar\/sitio\/wp-content\/uploads\/2019\/09\/FFHA-ARTES-VISUALES-01-800x486.jpg\" alt=\"\" width=\"800\" height=\"486\" srcset=\"https:\/\/vocesparalelas.com.ar\/sitio\/wp-content\/uploads\/2019\/09\/FFHA-ARTES-VISUALES-01-800x486.jpg 800w, https:\/\/vocesparalelas.com.ar\/sitio\/wp-content\/uploads\/2019\/09\/FFHA-ARTES-VISUALES-01-300x182.jpg 300w, https:\/\/vocesparalelas.com.ar\/sitio\/wp-content\/uploads\/2019\/09\/FFHA-ARTES-VISUALES-01-768x466.jpg 768w, https:\/\/vocesparalelas.com.ar\/sitio\/wp-content\/uploads\/2019\/09\/FFHA-ARTES-VISUALES-01.jpg 1000w\" sizes=\"auto, (max-width: 800px) 100vw, 800px\" \/><\/p>\n<ul>\n<li>Egresados del Profesorado de Artes Visuales: se abona $2000 en Casa Maur\u00edn de la FFHA, esquina Sarmiento y Santa Fe), de Lunes a Viernes, de 8 a 12 hs.<\/li>\n<\/ul>\n<p><img loading=\"lazy\" decoding=\"async\" class=\"alignnone size-large wp-image-13825\" src=\"https:\/\/vocesparalelas.com.ar\/sitio\/wp-content\/uploads\/2018\/08\/FFHA-EXTENSION-800x600.jpg\" alt=\"\" width=\"800\" height=\"600\" srcset=\"https:\/\/vocesparalelas.com.ar\/sitio\/wp-content\/uploads\/2018\/08\/FFHA-EXTENSION-800x600.jpg 800w, https:\/\/vocesparalelas.com.ar\/sitio\/wp-content\/uploads\/2018\/08\/FFHA-EXTENSION-300x225.jpg 300w, https:\/\/vocesparalelas.com.ar\/sitio\/wp-content\/uploads\/2018\/08\/FFHA-EXTENSION-768x576.jpg 768w, https:\/\/vocesparalelas.com.ar\/sitio\/wp-content\/uploads\/2018\/08\/FFHA-EXTENSION.jpg 1024w\" sizes=\"auto, (max-width: 800px) 100vw, 800px\" \/><\/p>\n<p>Se entrega certificaci\u00f3n.<\/p>\n<p><strong><span style=\"color: #ff6600;\">Consultas e informes<\/span><\/strong><\/p>\n<p><a href=\"artesvisuales.ffha.unsj@gmail.com\">artesvisuales.ffha.unsj@gmail.com<\/a><\/p>\n<p>&nbsp;<\/p>\n<p><img loading=\"lazy\" decoding=\"async\" class=\"alignnone size-full wp-image-60412\" src=\"https:\/\/vocesparalelas.com.ar\/sitio\/wp-content\/uploads\/2023\/06\/FFHA-EDIFICIO.jpg\" alt=\"\" width=\"800\" height=\"429\" srcset=\"https:\/\/vocesparalelas.com.ar\/sitio\/wp-content\/uploads\/2023\/06\/FFHA-EDIFICIO.jpg 800w, https:\/\/vocesparalelas.com.ar\/sitio\/wp-content\/uploads\/2023\/06\/FFHA-EDIFICIO-300x161.jpg 300w, https:\/\/vocesparalelas.com.ar\/sitio\/wp-content\/uploads\/2023\/06\/FFHA-EDIFICIO-768x412.jpg 768w\" sizes=\"auto, (max-width: 800px) 100vw, 800px\" \/><\/p>\n","protected":false},"excerpt":{"rendered":"<p>Los Departamentos de Artes Visuales junto al de Filosof\u00eda y Ciencias de la Educaci\u00f3n y el Instituto de Investigaciones en<\/p>\n","protected":false},"author":3,"featured_media":43889,"comment_status":"closed","ping_status":"closed","sticky":false,"template":"","format":"standard","meta":{"_acf_changed":false,"_seopress_robots_primary_cat":"none","_seopress_titles_title":"","_seopress_titles_desc":"","_seopress_robots_index":"","colormag_page_container_layout":"default_layout","colormag_page_sidebar_layout":"default_layout","footnotes":""},"categories":[15],"tags":[],"class_list":["post-76640","post","type-post","status-publish","format-standard","has-post-thumbnail","hentry","category-posgrados"],"acf":[],"_links":{"self":[{"href":"https:\/\/vocesparalelas.com.ar\/sitio\/wp-json\/wp\/v2\/posts\/76640","targetHints":{"allow":["GET"]}}],"collection":[{"href":"https:\/\/vocesparalelas.com.ar\/sitio\/wp-json\/wp\/v2\/posts"}],"about":[{"href":"https:\/\/vocesparalelas.com.ar\/sitio\/wp-json\/wp\/v2\/types\/post"}],"author":[{"embeddable":true,"href":"https:\/\/vocesparalelas.com.ar\/sitio\/wp-json\/wp\/v2\/users\/3"}],"replies":[{"embeddable":true,"href":"https:\/\/vocesparalelas.com.ar\/sitio\/wp-json\/wp\/v2\/comments?post=76640"}],"version-history":[{"count":1,"href":"https:\/\/vocesparalelas.com.ar\/sitio\/wp-json\/wp\/v2\/posts\/76640\/revisions"}],"predecessor-version":[{"id":76643,"href":"https:\/\/vocesparalelas.com.ar\/sitio\/wp-json\/wp\/v2\/posts\/76640\/revisions\/76643"}],"wp:featuredmedia":[{"embeddable":true,"href":"https:\/\/vocesparalelas.com.ar\/sitio\/wp-json\/wp\/v2\/media\/43889"}],"wp:attachment":[{"href":"https:\/\/vocesparalelas.com.ar\/sitio\/wp-json\/wp\/v2\/media?parent=76640"}],"wp:term":[{"taxonomy":"category","embeddable":true,"href":"https:\/\/vocesparalelas.com.ar\/sitio\/wp-json\/wp\/v2\/categories?post=76640"},{"taxonomy":"post_tag","embeddable":true,"href":"https:\/\/vocesparalelas.com.ar\/sitio\/wp-json\/wp\/v2\/tags?post=76640"}],"curies":[{"name":"wp","href":"https:\/\/api.w.org\/{rel}","templated":true}]}}