{"id":76625,"date":"2024-09-06T21:54:43","date_gmt":"2024-09-07T00:54:43","guid":{"rendered":"https:\/\/vocesparalelas.com.ar\/sitio\/?p=76625"},"modified":"2024-09-06T21:54:43","modified_gmt":"2024-09-07T00:54:43","slug":"continua-la-promocion-del-concurso-literario-san-juan-escribe-de-la-camara-de-diputados","status":"publish","type":"post","link":"https:\/\/vocesparalelas.com.ar\/sitio\/continua-la-promocion-del-concurso-literario-san-juan-escribe-de-la-camara-de-diputados\/","title":{"rendered":"Contin\u00faa la promoci\u00f3n del Concurso Literario \u00abSan Juan Escribe\u00bb de la C\u00e1mara de Diputados"},"content":{"rendered":"<p>El Fondo Editorial de la C\u00e1mara de Diputados de San Juan lleg\u00f3 al Departamento Pocito para promocionar y difundir el Concurso Literario \u00abSan Juan Escribe 2024\u00bb, donde hay plazo hasta el 13 de Septiembre para inscribirse.<\/p>\n<p>El encuentro cont\u00f3 con la participaci\u00f3n de la diputada provincial Stella Caparr\u00f3s, y de la coordinadora de Relaciones con la Comunidad, Giselle Fern\u00e1ndez; entre otras autoridades.<\/p>\n<p>El objetivo de la iniciativa fue dar a conocer los detalles de una nueva convocatoria del\u00a0San Juan Escribe. La Casa de Todos convoca a los ciudadanos sanjuaninos a participar de este certamen de car\u00e1cter abierto y gratuito. Los textos literarios podr\u00e1n presentarse hasta el 13 de septiembre de 2024 y el tema ser\u00e1 de libre elecci\u00f3n.<\/p>\n<p>Para la presente edici\u00f3n, el Concurso pone \u00e9nfasis en la Literatura Infanto-Juvenil con el objetivo de estimular la producci\u00f3n literaria con fines educativos, destinada a ese p\u00fablico. Los g\u00e9neros aceptados son: Novela, Cuento, Poes\u00eda, Literatura Infantil, Literatura Juvenil e Investigaci\u00f3n.<\/p>\n<p>Adem\u00e1s, se dio a conocer una herramienta l\u00fadico-did\u00e1ctica generada desde el Fondo Editorial de la C\u00e1mara de Diputados. El programa Expresate fue avalado por el Ministerio de Educaci\u00f3n y en la actualidad atraviesa su tercera fase, luego de la creaci\u00f3n y distribuci\u00f3n, a desarrollarse durante el ciclo lectivo 2024. Esta consiste en capacitar al personal docente de las instituciones educativas sobre la implementaci\u00f3n del dispositivo, y brindar un protocolo de acci\u00f3n que otorgue a los actores institucionales herramientas para enfrentar situaciones y vicisitudes propias del acontecer escolar actual.<\/p>\n<p>&nbsp;<\/p>\n<figure id=\"attachment_37951\" aria-describedby=\"caption-attachment-37951\" style=\"width: 800px\" class=\"wp-caption alignnone\"><img loading=\"lazy\" decoding=\"async\" class=\"size-full wp-image-37951\" src=\"https:\/\/vocesparalelas.com.ar\/sitio\/wp-content\/uploads\/2021\/05\/CAMARA-EDIFICIO.jpg\" alt=\"\" width=\"800\" height=\"515\" srcset=\"https:\/\/vocesparalelas.com.ar\/sitio\/wp-content\/uploads\/2021\/05\/CAMARA-EDIFICIO.jpg 800w, https:\/\/vocesparalelas.com.ar\/sitio\/wp-content\/uploads\/2021\/05\/CAMARA-EDIFICIO-300x193.jpg 300w, https:\/\/vocesparalelas.com.ar\/sitio\/wp-content\/uploads\/2021\/05\/CAMARA-EDIFICIO-768x494.jpg 768w\" sizes=\"auto, (max-width: 800px) 100vw, 800px\" \/><figcaption id=\"caption-attachment-37951\" class=\"wp-caption-text\">Legislatura Provincial de San Juan, Rep\u00fablica Argentina<\/figcaption><\/figure>\n","protected":false},"excerpt":{"rendered":"<p>El Fondo Editorial de la C\u00e1mara de Diputados de San Juan lleg\u00f3 al Departamento Pocito para promocionar y difundir el<\/p>\n","protected":false},"author":3,"featured_media":76628,"comment_status":"closed","ping_status":"closed","sticky":false,"template":"","format":"standard","meta":{"_acf_changed":false,"_seopress_robots_primary_cat":"none","_seopress_titles_title":"","_seopress_titles_desc":"","_seopress_robots_index":"","colormag_page_container_layout":"default_layout","colormag_page_sidebar_layout":"default_layout","footnotes":""},"categories":[1],"tags":[],"class_list":["post-76625","post","type-post","status-publish","format-standard","has-post-thumbnail","hentry","category-destacadas"],"acf":[],"_links":{"self":[{"href":"https:\/\/vocesparalelas.com.ar\/sitio\/wp-json\/wp\/v2\/posts\/76625","targetHints":{"allow":["GET"]}}],"collection":[{"href":"https:\/\/vocesparalelas.com.ar\/sitio\/wp-json\/wp\/v2\/posts"}],"about":[{"href":"https:\/\/vocesparalelas.com.ar\/sitio\/wp-json\/wp\/v2\/types\/post"}],"author":[{"embeddable":true,"href":"https:\/\/vocesparalelas.com.ar\/sitio\/wp-json\/wp\/v2\/users\/3"}],"replies":[{"embeddable":true,"href":"https:\/\/vocesparalelas.com.ar\/sitio\/wp-json\/wp\/v2\/comments?post=76625"}],"version-history":[{"count":1,"href":"https:\/\/vocesparalelas.com.ar\/sitio\/wp-json\/wp\/v2\/posts\/76625\/revisions"}],"predecessor-version":[{"id":76629,"href":"https:\/\/vocesparalelas.com.ar\/sitio\/wp-json\/wp\/v2\/posts\/76625\/revisions\/76629"}],"wp:featuredmedia":[{"embeddable":true,"href":"https:\/\/vocesparalelas.com.ar\/sitio\/wp-json\/wp\/v2\/media\/76628"}],"wp:attachment":[{"href":"https:\/\/vocesparalelas.com.ar\/sitio\/wp-json\/wp\/v2\/media?parent=76625"}],"wp:term":[{"taxonomy":"category","embeddable":true,"href":"https:\/\/vocesparalelas.com.ar\/sitio\/wp-json\/wp\/v2\/categories?post=76625"},{"taxonomy":"post_tag","embeddable":true,"href":"https:\/\/vocesparalelas.com.ar\/sitio\/wp-json\/wp\/v2\/tags?post=76625"}],"curies":[{"name":"wp","href":"https:\/\/api.w.org\/{rel}","templated":true}]}}