{"id":76618,"date":"2024-09-06T13:10:22","date_gmt":"2024-09-06T16:10:22","guid":{"rendered":"https:\/\/vocesparalelas.com.ar\/sitio\/?p=76618"},"modified":"2024-09-07T23:40:00","modified_gmt":"2024-09-08T02:40:00","slug":"se-presentan-dos-libros-en-san-juan-para-disfrutar","status":"publish","type":"post","link":"https:\/\/vocesparalelas.com.ar\/sitio\/se-presentan-dos-libros-en-san-juan-para-disfrutar\/","title":{"rendered":"Se presentan dos libros en San Juan para disfrutar"},"content":{"rendered":"<p>El S\u00e1bado, 7 y el \u00a0Domingo, 8 de septiembre, los amantes de la literatura de San Juan pueden disfrutar de dos eventos imperdibles: la presentaci\u00f3n de \u201cDesafiando al Silencio\u201d de Marcelo Casiva y la novela \u201cL\u00ednea 20\u201d de Melisa Cabello. Ambas propuestas sumergen en universos cargados de emoci\u00f3n, reflexiones y personajes inolvidables, cada uno desde su propio estilo y narrativa.<\/p>\n<p><strong><span style=\"color: #ff6600;\">Programa<\/span><\/strong><\/p>\n<p>El S\u00e1bado, 7 de septiembre a las 19 horas, Melisa Cabello presenta su novela \u201cL\u00ednea 20\u201d en la sede de la Direcci\u00f3n de Bibliotecas Populares y Actividades Literarias, en la esquina de 25 de Mayo y Las Heras, abierto a todo p\u00fablico. La autora transporta a San Juana 1943, donde un grupo de colectiveros que trabaja en la l\u00ednea que viaja diariamente al Departamento Albard\u00f3n vive una serie de situaciones entre c\u00f3micas y dram\u00e1ticas. Desde atentados anarquistas hasta matrimonios arreglados, pasando por romances prohibidos y torneos de bochas, los protagonistas enfrentar\u00e1n el a\u00f1o m\u00e1s intenso de sus vidas.<\/p>\n<p><span style=\"color: #ff6600;\"><strong>Sobre la autora<\/strong><\/span><\/p>\n<p>Melissa Cabello, nacida en Hengelo, Pa\u00edses Bajos, en 1983, creci\u00f3 en Bah\u00eda Blanca y desde hace 10 a\u00f1os reside en San Juan. Abogada egresada de la Universidad Nacional del Sur, ha publicado los libros Cuentos Amontonados, Realidades Irreales y A\u00fan Quedamos en Pie, adem\u00e1s de su primera novela Lo que la Luz no Toca. En 2021, obtuvo el segundo puesto en la categor\u00eda de relatos del concurso literario \u00abSan Juan Escribe\u00bb. Actualmente, cursa el diplomado en escritura creativa en la UNTREF y comparte algunos de sus cuentos en su cuenta de Instagram @melisacabello20.<\/p>\n<p>Por su lado, Marcelo Casiva presentar\u00e1 el\u00a0domingo 8 de septiembre a las 17 horas, \u201cDesafiando al Silencio\u201d\u00a0en el Museo Provincial de Bellas Artes Franklin Rawson. En su obra, el autor aborda la lucha interna de un individuo atrapado en un sistema lleno de imposiciones y mentiras, con una mirada cruda y desafiante. La presentaci\u00f3n contar\u00e1 con una acci\u00f3n art\u00edstica a cargo de artistas del movimiento \u00abVariet\u00e9 del Este\u00bb, asegurando una experiencia sensorial y cultural \u00fanica. El ticket de ingreso y la preventa de los libros se puede conseguir a trav\u00e9s del siguiente\u00a0enlace<\/p>\n<p><a href=\"https:\/\/imaxia.com.ar\/tickera\/producto\/marcelo-casiva-desafiando-el-silencio\/\">https:\/\/imaxia.com.ar\/tickera\/producto\/marcelo-casiva-desafiando-el-silencio\/<\/a><\/p>\n<p><span style=\"color: #ff6600;\"><strong>Sobre el autor<\/strong><\/span><\/p>\n<p>Marcelo Casiva, escritor y realizador audiovisual de San Juan, ha trabajado en la producci\u00f3n de programas de rock en radio y televisi\u00f3n desde 2003. Ha sido creador de contenido para la banda Oveja Negra y Los Garc\u00edas durante 12 a\u00f1os. Entre sus obras destacan Mi Superh\u00e9roe Comenz\u00f3 a Sonre\u00edr y Casi \u00c1cido Casi Loco. Tambi\u00e9n es el creador del espect\u00e1culo art\u00edstico \u00abLa Variet\u00e9 del Este\u00bb, el cual combina literatura, m\u00fasica y performance en cada una de sus presentaciones.<\/p>\n<p>&nbsp;<\/p>\n<p>&nbsp;<\/p>\n","protected":false},"excerpt":{"rendered":"<p>El S\u00e1bado, 7 y el \u00a0Domingo, 8 de septiembre, los amantes de la literatura de San Juan pueden disfrutar de<\/p>\n","protected":false},"author":3,"featured_media":76621,"comment_status":"closed","ping_status":"closed","sticky":false,"template":"","format":"standard","meta":{"_acf_changed":false,"_seopress_robots_primary_cat":"none","_seopress_titles_title":"","_seopress_titles_desc":"","_seopress_robots_index":"","colormag_page_container_layout":"default_layout","colormag_page_sidebar_layout":"default_layout","footnotes":""},"categories":[20],"tags":[],"class_list":["post-76618","post","type-post","status-publish","format-standard","has-post-thumbnail","hentry","category-cartelera"],"acf":[],"_links":{"self":[{"href":"https:\/\/vocesparalelas.com.ar\/sitio\/wp-json\/wp\/v2\/posts\/76618","targetHints":{"allow":["GET"]}}],"collection":[{"href":"https:\/\/vocesparalelas.com.ar\/sitio\/wp-json\/wp\/v2\/posts"}],"about":[{"href":"https:\/\/vocesparalelas.com.ar\/sitio\/wp-json\/wp\/v2\/types\/post"}],"author":[{"embeddable":true,"href":"https:\/\/vocesparalelas.com.ar\/sitio\/wp-json\/wp\/v2\/users\/3"}],"replies":[{"embeddable":true,"href":"https:\/\/vocesparalelas.com.ar\/sitio\/wp-json\/wp\/v2\/comments?post=76618"}],"version-history":[{"count":1,"href":"https:\/\/vocesparalelas.com.ar\/sitio\/wp-json\/wp\/v2\/posts\/76618\/revisions"}],"predecessor-version":[{"id":76622,"href":"https:\/\/vocesparalelas.com.ar\/sitio\/wp-json\/wp\/v2\/posts\/76618\/revisions\/76622"}],"wp:featuredmedia":[{"embeddable":true,"href":"https:\/\/vocesparalelas.com.ar\/sitio\/wp-json\/wp\/v2\/media\/76621"}],"wp:attachment":[{"href":"https:\/\/vocesparalelas.com.ar\/sitio\/wp-json\/wp\/v2\/media?parent=76618"}],"wp:term":[{"taxonomy":"category","embeddable":true,"href":"https:\/\/vocesparalelas.com.ar\/sitio\/wp-json\/wp\/v2\/categories?post=76618"},{"taxonomy":"post_tag","embeddable":true,"href":"https:\/\/vocesparalelas.com.ar\/sitio\/wp-json\/wp\/v2\/tags?post=76618"}],"curies":[{"name":"wp","href":"https:\/\/api.w.org\/{rel}","templated":true}]}}