{"id":76614,"date":"2024-09-06T12:18:25","date_gmt":"2024-09-06T15:18:25","guid":{"rendered":"https:\/\/vocesparalelas.com.ar\/sitio\/?p=76614"},"modified":"2024-09-07T21:43:51","modified_gmt":"2024-09-08T00:43:51","slug":"curso-de-orientacion-vocacional-y-laboral-del-progresar-obligatorio-de-argentina","status":"publish","type":"post","link":"https:\/\/vocesparalelas.com.ar\/sitio\/curso-de-orientacion-vocacional-y-laboral-del-progresar-obligatorio-de-argentina\/","title":{"rendered":"Curso de Orientaci\u00f3n Vocacional y Laboral del Progresar Obligatorio de Argentina"},"content":{"rendered":"<p>Desde el 9 de Septiembre hasta el 7 de Octubre se desarrolla . El cursado, que ser\u00e1 virtual, durar\u00e1 dos meses.<br \/>\nEl Ministerio de Educaci\u00f3n, a trav\u00e9s de la Direcci\u00f3n de Educaci\u00f3n de J\u00f3venes y Adultos, informa que desde el 9 de septiembre y hasta el 7 de octubre se llevar\u00e1 a cabo el curso de Orientaci\u00f3n Vocacional y Laboral del Progresar Obligatorio.<\/p>\n<p>Los destinatarios ser\u00e1n alumnos de 16 a 18 a\u00f1os pertenecientes a escuelas de educaci\u00f3n com\u00fan con el beneficio aprobado y percibiendo el pago (quienes tienen reclamo pendiente ser\u00e1n incluidos en la pr\u00f3xima convocatoria del curso). Es por que no es necesario realizar una nueva inscripci\u00f3n.<\/p>\n<p>El curso es obligatorio (caso contrario se suspenden dos meses de pago del beneficio) y el desarrollo ser\u00e1 virtual a trav\u00e9s de la plataforma Moodle. Los estudiantes deber\u00e1n ingresar con el n\u00famero de CUIL como usuario y la contrase\u00f1a ser\u00e1 el n\u00famero de DNI.<\/p>\n<p>Es importante destacar que la notificaci\u00f3n a los estudiantes para comenzar el curso ser\u00e1 por medio del correo electr\u00f3nico que fue declarado en el formulario de inscripci\u00f3n y por la plataforma Progresar.<\/p>\n<p>Ser\u00e1n ocho m\u00f3dulos distribuidos en cuatro semanas, en los que el cursado ser\u00e1 autoasistido y asincr\u00f3nico, es decir, los estudiantes completar\u00e1n cada una de las actividades complementarias y obligatorias en cualquier momento (siempre y cuando sea respetada la fecha de cierre, el 7 de octubre).<\/p>\n","protected":false},"excerpt":{"rendered":"<p>Desde el 9 de Septiembre hasta el 7 de Octubre se desarrolla . El cursado, que ser\u00e1 virtual, durar\u00e1 dos<\/p>\n","protected":false},"author":3,"featured_media":35746,"comment_status":"closed","ping_status":"closed","sticky":false,"template":"","format":"standard","meta":{"_acf_changed":false,"_seopress_robots_primary_cat":"none","_seopress_titles_title":"","_seopress_titles_desc":"","_seopress_robots_index":"","colormag_page_container_layout":"default_layout","colormag_page_sidebar_layout":"default_layout","footnotes":""},"categories":[9],"tags":[],"class_list":["post-76614","post","type-post","status-publish","format-standard","has-post-thumbnail","hentry","category-cursos"],"acf":[],"_links":{"self":[{"href":"https:\/\/vocesparalelas.com.ar\/sitio\/wp-json\/wp\/v2\/posts\/76614","targetHints":{"allow":["GET"]}}],"collection":[{"href":"https:\/\/vocesparalelas.com.ar\/sitio\/wp-json\/wp\/v2\/posts"}],"about":[{"href":"https:\/\/vocesparalelas.com.ar\/sitio\/wp-json\/wp\/v2\/types\/post"}],"author":[{"embeddable":true,"href":"https:\/\/vocesparalelas.com.ar\/sitio\/wp-json\/wp\/v2\/users\/3"}],"replies":[{"embeddable":true,"href":"https:\/\/vocesparalelas.com.ar\/sitio\/wp-json\/wp\/v2\/comments?post=76614"}],"version-history":[{"count":1,"href":"https:\/\/vocesparalelas.com.ar\/sitio\/wp-json\/wp\/v2\/posts\/76614\/revisions"}],"predecessor-version":[{"id":76617,"href":"https:\/\/vocesparalelas.com.ar\/sitio\/wp-json\/wp\/v2\/posts\/76614\/revisions\/76617"}],"wp:featuredmedia":[{"embeddable":true,"href":"https:\/\/vocesparalelas.com.ar\/sitio\/wp-json\/wp\/v2\/media\/35746"}],"wp:attachment":[{"href":"https:\/\/vocesparalelas.com.ar\/sitio\/wp-json\/wp\/v2\/media?parent=76614"}],"wp:term":[{"taxonomy":"category","embeddable":true,"href":"https:\/\/vocesparalelas.com.ar\/sitio\/wp-json\/wp\/v2\/categories?post=76614"},{"taxonomy":"post_tag","embeddable":true,"href":"https:\/\/vocesparalelas.com.ar\/sitio\/wp-json\/wp\/v2\/tags?post=76614"}],"curies":[{"name":"wp","href":"https:\/\/api.w.org\/{rel}","templated":true}]}}