{"id":76610,"date":"2024-09-06T11:14:33","date_gmt":"2024-09-06T14:14:33","guid":{"rendered":"https:\/\/vocesparalelas.com.ar\/sitio\/?p=76610"},"modified":"2024-09-07T12:00:12","modified_gmt":"2024-09-07T15:00:12","slug":"la-cuota-aumenta-75-de-la-becas-progresar-y-se-inscribe-para-el-segundo-periodo-en-argentina","status":"publish","type":"post","link":"https:\/\/vocesparalelas.com.ar\/sitio\/la-cuota-aumenta-75-de-la-becas-progresar-y-se-inscribe-para-el-segundo-periodo-en-argentina\/","title":{"rendered":"La cuota aumenta 75% de la Becas Progresar y se inscribe para el segundo periodo en Argentina"},"content":{"rendered":"<p>En Septiembre de 2024, el valor de la Becas Progresar es de $35.000, mientras que la nueva ventana de registro se extiende hasta el 30 de Septiembre, brindando un mayor apoyo a los j\u00f3venes en su trayectoria educativa, as\u00ed lo inform\u00f3 el Ministerio de Capital Humano de la Naci\u00f3n, a trav\u00e9s de la Secretar\u00eda de Educaci\u00f3n.<\/p>\n<p>Adem\u00e1s, la apertura del segundo per\u00edodo de inscripci\u00f3n para Progresar Obligatorio y Progresar Superior, incluyendo Enfermer\u00eda, se desarrolla desde el 5 al 30 de Septiembre.<\/p>\n<p>Los requisitos de edad e ingresos, as\u00ed como los detalles sobre la acreditaci\u00f3n de la asistencia y el avance acad\u00e9mico, se mantienen vigentes. A la vez que los estudiantes de nivel obligatorio deben cumplir con la asistencia a clases y que los becarios de entre 16 y 18 a\u00f1os realicen el Curso de Orientaci\u00f3n Vocacional y Laboral.<\/p>\n<p>Para el nivel superior, quienes tuvieron beca en 2023 y no alcanzan el 50 % de materias aprobadas podr\u00e1n aplicar, pero percibir\u00e1n una cuota de transici\u00f3n del 80 % del monto mensual. Quienes soliciten la beca por primera vez deber\u00e1n cumplir con el requisito del 50 % de materias aprobadas para recibir el 100 % del monto.<\/p>\n<p><strong><span style=\"color: #ff6600;\">Para obtener m\u00e1s informaci\u00f3n y acceder a la inscripci\u00f3n<\/span><\/strong><\/p>\n<p><a href=\"https:\/\/www.argentina.gob.ar\/educacion\/progresar\">https:\/\/www.argentina.gob.ar\/educacion\/progresar<\/a><\/p>\n<p><strong><span style=\"color: #ff6600;\">Requisitos<\/span><\/strong><\/p>\n<p>Los requisitos de edad para acceder var\u00edan seg\u00fan la l\u00ednea de beca. Para Progresar Obligatorio, los estudiantes deben tener entre 16 y 24 a\u00f1os. Para Progresar Superior, entre 17 y 24 a\u00f1os o hasta 30 a\u00f1os, si est\u00e1n avanzados en la carrera, mientras para Enfermer\u00eda no hay l\u00edmite de edad. Quienes apliquen a Progresar Trabajo deben tener entre 18 y 24 a\u00f1os, ampli\u00e1ndose a 40 para quienes no poseen trabajo formal registrado.<\/p>\n<p>En diferentes l\u00edneas, pueden inscribirse aspirantes de hasta 35 a\u00f1os de edad si tienen hijos menores de 18 a cargo y pertenecen a hogares monoparentales.<\/p>\n<p>Por otro lado, los ingresos del grupo familiar de los aspirantes no deben superar tres veces el Salario M\u00ednimo Vital y M\u00f3vil vigente en Argentina. Tambi\u00e9n, deber\u00e1n acreditar la asistencia regular a una instituci\u00f3n educativa y cumplir con los avances acad\u00e9micos que solicita cada l\u00ednea. Los beneficiarios de la beca Progresar cobran 12 cuotas mensuales que sumar\u00e1n un total de $240.000.<\/p>\n<p>En el nivel obligatorio la trayectoria no debe verse interrumpida. La asistencia a clase ser\u00e1 monitoreada en 3 certificaciones anuales; un registro negativo de presencialidad podr\u00eda significar la suspensi\u00f3n de la beca.<\/p>\n<p>Adem\u00e1s, los estudiantes deben realizar un curso de orientaci\u00f3n vocacional y laboral de car\u00e1cter obligatorio. Tendr\u00e1 una duraci\u00f3n de dos meses y se organizar\u00e1 en m\u00f3dulos autoasistidos. El cobro de la beca est\u00e1 sujeto a su realizaci\u00f3n.<\/p>\n<p>En cuanto a las becas de nivel superior para estudiantes avanzados, se pasa del requisito m\u00ednimo de 2 materias del a\u00f1o anterior aprobadas al requisito de 50 % de materias del a\u00f1o anterior aprobadas.<\/p>\n<p>Pero hay una distinci\u00f3n entre quienes tuvieron beca en 2023 y quienes la solicitan por primera vez. Quienes tuvieron beca en 2023 y no alcanzan el 50 % de materias aprobadas seg\u00fan el plan de estudios de ese a\u00f1o, pueden aplicar al programa.<\/p>\n<p>Sin embargo, si son adjudicados, perciben la cuota de transici\u00f3n establecida para 2024, que es un 80 % del monto mensual de la beca.<\/p>\n<p>Quienes quieran acceder a la beca por primera vez, deber\u00e1n cumplir con el requisito del 50 % de materias aprobadas del plan de estudios cursado en 2023 y \u2014de ser adjudicados\u2014 percibir\u00e1n el 100 % del monto mensual de la beca.<\/p>\n<p>&nbsp;<\/p>\n<p>&nbsp;<\/p>\n","protected":false},"excerpt":{"rendered":"<p>En Septiembre de 2024, el valor de la Becas Progresar es de $35.000, mientras que la nueva ventana de registro<\/p>\n","protected":false},"author":3,"featured_media":35746,"comment_status":"closed","ping_status":"closed","sticky":false,"template":"","format":"standard","meta":{"_acf_changed":false,"_seopress_robots_primary_cat":"none","_seopress_titles_title":"","_seopress_titles_desc":"","_seopress_robots_index":"","colormag_page_container_layout":"default_layout","colormag_page_sidebar_layout":"default_layout","footnotes":""},"categories":[2],"tags":[],"class_list":["post-76610","post","type-post","status-publish","format-standard","has-post-thumbnail","hentry","category-convocatorias"],"acf":[],"_links":{"self":[{"href":"https:\/\/vocesparalelas.com.ar\/sitio\/wp-json\/wp\/v2\/posts\/76610","targetHints":{"allow":["GET"]}}],"collection":[{"href":"https:\/\/vocesparalelas.com.ar\/sitio\/wp-json\/wp\/v2\/posts"}],"about":[{"href":"https:\/\/vocesparalelas.com.ar\/sitio\/wp-json\/wp\/v2\/types\/post"}],"author":[{"embeddable":true,"href":"https:\/\/vocesparalelas.com.ar\/sitio\/wp-json\/wp\/v2\/users\/3"}],"replies":[{"embeddable":true,"href":"https:\/\/vocesparalelas.com.ar\/sitio\/wp-json\/wp\/v2\/comments?post=76610"}],"version-history":[{"count":1,"href":"https:\/\/vocesparalelas.com.ar\/sitio\/wp-json\/wp\/v2\/posts\/76610\/revisions"}],"predecessor-version":[{"id":76613,"href":"https:\/\/vocesparalelas.com.ar\/sitio\/wp-json\/wp\/v2\/posts\/76610\/revisions\/76613"}],"wp:featuredmedia":[{"embeddable":true,"href":"https:\/\/vocesparalelas.com.ar\/sitio\/wp-json\/wp\/v2\/media\/35746"}],"wp:attachment":[{"href":"https:\/\/vocesparalelas.com.ar\/sitio\/wp-json\/wp\/v2\/media?parent=76610"}],"wp:term":[{"taxonomy":"category","embeddable":true,"href":"https:\/\/vocesparalelas.com.ar\/sitio\/wp-json\/wp\/v2\/categories?post=76610"},{"taxonomy":"post_tag","embeddable":true,"href":"https:\/\/vocesparalelas.com.ar\/sitio\/wp-json\/wp\/v2\/tags?post=76610"}],"curies":[{"name":"wp","href":"https:\/\/api.w.org\/{rel}","templated":true}]}}