{"id":76606,"date":"2024-09-05T23:27:36","date_gmt":"2024-09-06T02:27:36","guid":{"rendered":"https:\/\/vocesparalelas.com.ar\/sitio\/?p=76606"},"modified":"2024-09-06T00:27:51","modified_gmt":"2024-09-06T03:27:51","slug":"el-caso-sospechoso-de-viruela-simica-en-san-juan-el-analisis-arrojo-resultado-negativo","status":"publish","type":"post","link":"https:\/\/vocesparalelas.com.ar\/sitio\/el-caso-sospechoso-de-viruela-simica-en-san-juan-el-analisis-arrojo-resultado-negativo\/","title":{"rendered":"El caso sospechoso de viruela s\u00edmica en San Juan el an\u00e1lisis arroj\u00f3 resultado Negativo"},"content":{"rendered":"<p>El Ministerio de Salud del Gobierno de San Juan, a trav\u00e9s de la Divisi\u00f3n Epidemiolog\u00eda, comunica que el caso sospechoso de viruela s\u00edmica en San Juan arroj\u00f3 resultados Negativo.<\/p>\n<p>Cabe destacar que el Instituto Malbr\u00e1n inform\u00f3 que el an\u00e1lisis del caso sospechoso de viruela s\u00edmica dio resultado negativo.<\/p>\n<p>La cartera sanitaria resalta que el equipo de vigilancia epidemiol\u00f3gica mantuvo los controles y protocolos pertinentes, a\u00fan cuando el resultado es negativo.<\/p>\n<p>El equipo de divisi\u00f3n epidemiolog\u00eda contin\u00faa en alerta ante cualquier sospecha<\/p>\n<p>Para tener en cuenta las v\u00edas de transmisi\u00f3n y s\u00edntomas Viruela s\u00edmica<\/p>\n<p>La viruela s\u00edmica, o viruela del mono, es una enfermedad zoon\u00f3tica viral poco frecuente. Suele ser autolimitada, pero puede ser grave en ni\u00f1os, embarazadas o personas con inmunosupresi\u00f3n debido a otras condiciones de salud.<br \/>\nV\u00edas de transmisi\u00f3n<\/p>\n<p>La transmisi\u00f3n ocurre de una persona a otra por contacto cercano con lesiones, fluidos corporales, gotitas respiratorias y materiales contaminados, como la ropa de cama.<\/p>\n<p>El virus puede ingresar al organismo a trav\u00e9s de piel lastimada, aunque no sea visible, del tracto respiratorio, y por mucosas (ojos, nariz o boca).<\/p>\n<p><strong><span style=\"color: #ff0000;\">Signos y s\u00edntomas<\/span><\/strong><\/p>\n<p>El per\u00edodo de incubaci\u00f3n, es decir, el tiempo entre el contacto con una persona enferma y el desarrollo de s\u00edntomas, puede oscilar entre 5 y 21 d\u00edas.<\/p>\n<p>En general, es una enfermedad autolimitada, y la mayor\u00eda de las personas se recuperan en el transcurso de unas semanas. Sin embargo, en algunos grupos, como ni\u00f1os o personas inmunocomprometidas, la enfermedad puede ser grave.<\/p>\n<p><strong><span style=\"color: #ff0000;\">La enfermedad suele comenzar con:<\/span><\/strong><\/p>\n<ul>\n<li>Fiebre o equivalentes febriles<\/li>\n<li>Dolor de cabeza<\/li>\n<li>Dolor muscular<\/li>\n<li>Inflamaci\u00f3n de los ganglios<\/li>\n<li>Cansancio<\/li>\n<li>Entre 1 y 5 d\u00edas despu\u00e9s, aparece un exantema que pasa por distintos estadios hasta formar una costra que luego se cae. La persona es contagiosa hasta que se hayan ca\u00eddo todas las costras.<\/li>\n<\/ul>\n","protected":false},"excerpt":{"rendered":"<p>El Ministerio de Salud del Gobierno de San Juan, a trav\u00e9s de la Divisi\u00f3n Epidemiolog\u00eda, comunica que el caso sospechoso<\/p>\n","protected":false},"author":3,"featured_media":65642,"comment_status":"closed","ping_status":"closed","sticky":false,"template":"","format":"standard","meta":{"_acf_changed":false,"_seopress_robots_primary_cat":"none","_seopress_titles_title":"","_seopress_titles_desc":"","_seopress_robots_index":"","colormag_page_container_layout":"default_layout","colormag_page_sidebar_layout":"default_layout","footnotes":""},"categories":[1],"tags":[],"class_list":["post-76606","post","type-post","status-publish","format-standard","has-post-thumbnail","hentry","category-destacadas"],"acf":[],"_links":{"self":[{"href":"https:\/\/vocesparalelas.com.ar\/sitio\/wp-json\/wp\/v2\/posts\/76606","targetHints":{"allow":["GET"]}}],"collection":[{"href":"https:\/\/vocesparalelas.com.ar\/sitio\/wp-json\/wp\/v2\/posts"}],"about":[{"href":"https:\/\/vocesparalelas.com.ar\/sitio\/wp-json\/wp\/v2\/types\/post"}],"author":[{"embeddable":true,"href":"https:\/\/vocesparalelas.com.ar\/sitio\/wp-json\/wp\/v2\/users\/3"}],"replies":[{"embeddable":true,"href":"https:\/\/vocesparalelas.com.ar\/sitio\/wp-json\/wp\/v2\/comments?post=76606"}],"version-history":[{"count":1,"href":"https:\/\/vocesparalelas.com.ar\/sitio\/wp-json\/wp\/v2\/posts\/76606\/revisions"}],"predecessor-version":[{"id":76609,"href":"https:\/\/vocesparalelas.com.ar\/sitio\/wp-json\/wp\/v2\/posts\/76606\/revisions\/76609"}],"wp:featuredmedia":[{"embeddable":true,"href":"https:\/\/vocesparalelas.com.ar\/sitio\/wp-json\/wp\/v2\/media\/65642"}],"wp:attachment":[{"href":"https:\/\/vocesparalelas.com.ar\/sitio\/wp-json\/wp\/v2\/media?parent=76606"}],"wp:term":[{"taxonomy":"category","embeddable":true,"href":"https:\/\/vocesparalelas.com.ar\/sitio\/wp-json\/wp\/v2\/categories?post=76606"},{"taxonomy":"post_tag","embeddable":true,"href":"https:\/\/vocesparalelas.com.ar\/sitio\/wp-json\/wp\/v2\/tags?post=76606"}],"curies":[{"name":"wp","href":"https:\/\/api.w.org\/{rel}","templated":true}]}}