{"id":76601,"date":"2024-09-05T22:18:50","date_gmt":"2024-09-06T01:18:50","guid":{"rendered":"https:\/\/vocesparalelas.com.ar\/sitio\/?p=76601"},"modified":"2024-09-06T23:33:27","modified_gmt":"2024-09-07T02:33:27","slug":"la-gestion-del-gobernador-dr-marcelo-orrego-es-buscar-los-medios-para-generar-trabajo","status":"publish","type":"post","link":"https:\/\/vocesparalelas.com.ar\/sitio\/la-gestion-del-gobernador-dr-marcelo-orrego-es-buscar-los-medios-para-generar-trabajo\/","title":{"rendered":"\u00abLa gesti\u00f3n del gobernador, Dr. Marcelo Orrego es buscar los medios para generar trabajo\u00bb"},"content":{"rendered":"<p>Despu\u00e9s, del trabajo de apertura de sobres de la licitaci\u00f3n \u201cConstrucci\u00f3n canal Agua Negra -Tramo I \u2013 Departamento Iglesia\u201d de San Juan, el Ministro de Miner\u00eda, Dr. Juan Pablo Perea, el Secretario General de la Gobernaci\u00f3n, Lic. Emilio Achem dejaron en claro que la gran preocupaci\u00f3n de los que formamos parte de la gesti\u00f3n del gobernador, Dr. Marcelo Orrego es buscar los medios para generar trabajo para la gente que as\u00ed lo necesita.<\/p>\n<p>&nbsp;<\/p>\n<p><iframe loading=\"lazy\" title=\"SAN JUAN DR PEREA Y LIC ACHEM\" width=\"800\" height=\"450\" src=\"https:\/\/www.youtube.com\/embed\/VniBsBHXdek?feature=oembed\" frameborder=\"0\" allow=\"accelerometer; autoplay; clipboard-write; encrypted-media; gyroscope; picture-in-picture; web-share\" referrerpolicy=\"strict-origin-when-cross-origin\" allowfullscreen><\/iframe><\/p>\n","protected":false},"excerpt":{"rendered":"<p>Despu\u00e9s, del trabajo de apertura de sobres de la licitaci\u00f3n \u201cConstrucci\u00f3n canal Agua Negra -Tramo I \u2013 Departamento Iglesia\u201d de<\/p>\n","protected":false},"author":3,"featured_media":76604,"comment_status":"closed","ping_status":"closed","sticky":false,"template":"","format":"standard","meta":{"_acf_changed":false,"_seopress_robots_primary_cat":"none","_seopress_titles_title":"","_seopress_titles_desc":"","_seopress_robots_index":"","colormag_page_container_layout":"default_layout","colormag_page_sidebar_layout":"default_layout","footnotes":""},"categories":[10,7],"tags":[],"class_list":["post-76601","post","type-post","status-publish","format-standard","has-post-thumbnail","hentry","category-opiniones","category-videos"],"acf":[],"_links":{"self":[{"href":"https:\/\/vocesparalelas.com.ar\/sitio\/wp-json\/wp\/v2\/posts\/76601","targetHints":{"allow":["GET"]}}],"collection":[{"href":"https:\/\/vocesparalelas.com.ar\/sitio\/wp-json\/wp\/v2\/posts"}],"about":[{"href":"https:\/\/vocesparalelas.com.ar\/sitio\/wp-json\/wp\/v2\/types\/post"}],"author":[{"embeddable":true,"href":"https:\/\/vocesparalelas.com.ar\/sitio\/wp-json\/wp\/v2\/users\/3"}],"replies":[{"embeddable":true,"href":"https:\/\/vocesparalelas.com.ar\/sitio\/wp-json\/wp\/v2\/comments?post=76601"}],"version-history":[{"count":1,"href":"https:\/\/vocesparalelas.com.ar\/sitio\/wp-json\/wp\/v2\/posts\/76601\/revisions"}],"predecessor-version":[{"id":76605,"href":"https:\/\/vocesparalelas.com.ar\/sitio\/wp-json\/wp\/v2\/posts\/76601\/revisions\/76605"}],"wp:featuredmedia":[{"embeddable":true,"href":"https:\/\/vocesparalelas.com.ar\/sitio\/wp-json\/wp\/v2\/media\/76604"}],"wp:attachment":[{"href":"https:\/\/vocesparalelas.com.ar\/sitio\/wp-json\/wp\/v2\/media?parent=76601"}],"wp:term":[{"taxonomy":"category","embeddable":true,"href":"https:\/\/vocesparalelas.com.ar\/sitio\/wp-json\/wp\/v2\/categories?post=76601"},{"taxonomy":"post_tag","embeddable":true,"href":"https:\/\/vocesparalelas.com.ar\/sitio\/wp-json\/wp\/v2\/tags?post=76601"}],"curies":[{"name":"wp","href":"https:\/\/api.w.org\/{rel}","templated":true}]}}