{"id":76596,"date":"2024-09-05T22:58:01","date_gmt":"2024-09-06T01:58:01","guid":{"rendered":"https:\/\/vocesparalelas.com.ar\/sitio\/?p=76596"},"modified":"2024-09-05T23:58:14","modified_gmt":"2024-09-06T02:58:14","slug":"xiv-encuentro-olivicola-internacional-argoliva-2024-en-san-juan","status":"publish","type":"post","link":"https:\/\/vocesparalelas.com.ar\/sitio\/xiv-encuentro-olivicola-internacional-argoliva-2024-en-san-juan\/","title":{"rendered":"XIV Encuentro Oliv\u00edcola Internacional ArgOliva 2024 en San Juan"},"content":{"rendered":"<p>En San Juan se desarrolla el XIV Encuentro Oliv\u00edcola Internacional ArgOliva es el evento oliv\u00edcola m\u00e1s importante de Sudam\u00e9rica, que busca fortalecer y promover el desarrollo del sector, con la participaci\u00f3n activa de los distintos actores p\u00fablicos y privados.<\/p>\n<p>ArgOliva est\u00e1 organizada por el Ministerio de Producci\u00f3n, Trabajo e Innovaci\u00f3n, en conjunto con el Consejo Federal de Inversiones, la Universidad Cat\u00f3lica de Cuyo, la C\u00e1mara Oliv\u00edcola de San Juan y el INTA.<\/p>\n<p>La mesa de autoridades estuvo integrada por el gobernador de San Juan, Dr. Marcelo Orrego, el secretario General del CFI, Lic. Ignacio Lamothe; ministros de Producci\u00f3n, Trabajo e Innovaci\u00f3n, CPN Gustavo Fern\u00e1ndez; de Econom\u00eda, Finanzas y Hacienda,\u00a0 CPN Roberto Guti\u00e9rrez; de Educaci\u00f3n, Lic. Silvia Fuentes; de Miner\u00eda, Dr. Juan Pablo Perea; de Turismo, Cultura y Deporte, Dr. Guido Romero; la rectora de la UCCUYO, Lic. Mar\u00eda Laura Simonassi y dem\u00e1s autoridades.<\/p>\n<p>El Gobernador, Dr. Marcelo Orrego destac\u00f3 que \u00abSan Juan tiene una matriz productiva diversificada, con miner\u00eda, agroindustria, energ\u00edas renovables y comercio. El 75% de las exportaciones provienen de la miner\u00eda, pero tambi\u00e9n destacan sectores como el aceite de oliva y los vinos. Los encuentros como este son fundamentales para mejorar, aprender y producir m\u00e1s. Se firm\u00f3 un convenio para mejorar escuelas agrot\u00e9cnicas, que son clave para la econom\u00eda local. En un contexto de recesi\u00f3n econ\u00f3mica, se han impulsado cr\u00e9ditos anticipados para sostener la actividad productiva y apoyar a los productores\u00bb.<\/p>\n<p>\u00abCon la Fundaci\u00f3n del Banco San Juan, para emprendedores, productores y pymes, se sumaron casi 40.000 millones de pesos, adem\u00e1s del aporte del CFI con 4.000 millones m\u00e1s en tres l\u00edneas: eficiencia energ\u00e9tica, h\u00eddrica y econom\u00eda circular. San Juan est\u00e1 ampliando f\u00e1bricas debido al aumento de cultivos, y nuestro norte es producir m\u00e1s, con esfuerzos en energ\u00eda para duplicar la producci\u00f3n\u00bb.<\/p>\n<p><iframe loading=\"lazy\" title=\"Orrego en ArgOliva San Juan tiene una econom\u00eda diversa y mucho que aportar al pa\u00eds y al mundo\" width=\"800\" height=\"450\" src=\"https:\/\/www.youtube.com\/embed\/F6W8coKtceE?feature=oembed\" frameborder=\"0\" allow=\"accelerometer; autoplay; clipboard-write; encrypted-media; gyroscope; picture-in-picture; web-share\" referrerpolicy=\"strict-origin-when-cross-origin\" allowfullscreen><\/iframe><\/p>\n<p>Por su lado, el Ministro de Econom\u00eda, Finanzas y Hacienda,\u00a0 CPN Roberto Guti\u00e9rrez expres\u00f3 que \u00abdoy la bienvenida a la XIV edici\u00f3n de ArgOliva, un evento que ha trascendido fronteras y es uno de los m\u00e1s importantes a nivel mundial en la cadena oliv\u00edcola. Nos centramos en cuatro ejes: el concurso internacional y nacional con 75 muestras de varios pa\u00edses, la ronda de negocios para que los productores ampl\u00eden sus mercados, capacitaciones t\u00e9cnicas con expertos internacionales, y exposiciones de productores locales. Las exportaciones han crecido un 57% en 2024, con un incremento del 42% en San Juan. Esto se debe a los recursos naturales, la visi\u00f3n de los productores y el apoyo del gobierno provincial con herramientas crediticias\u00bb.<\/p>\n<p>Seguidamente, la rectora de la UCCUYO, Lic. Mar\u00eda Laura Simonassi\u00a0 destac\u00f3 que \u00abdesde la Universidad Cat\u00f3lica de Cuyo tenemos fuertemente asumido el compromiso de acompa\u00f1ar el desarrollo productivo de nuestra regi\u00f3n, aportando desde la tecnolog\u00eda, la formaci\u00f3n, la investigaci\u00f3n y la extensi\u00f3n a la comunidad. Nos vinculamos desde la Facultad de Ciencias Qu\u00edmicas y Tecnol\u00f3gicas, que alberga el centro de referencia de evaluaci\u00f3n sensorial de aceite de oliva y de otros alimentos. Este panel participa en el concurso internacional de aceite de oliva extra virgen y en el concurso nacional de aceite de oliva virgen, estimulando la producci\u00f3n local y aportando mayor calidad al desarrollo productivo del sector oliv\u00edcola\u00bb.<\/p>\n<p>A continuaci\u00f3n el ministros de Producci\u00f3n, Trabajo e Innovaci\u00f3n, CPN Gustavo Fern\u00e1ndez puntualiz\u00f3 que \u00abSan Juan viene creciendo fuertemente en la implantaci\u00f3n de olivos, con m\u00e1s de 16.000 hect\u00e1reas y alta productividad, siendo l\u00edderes en producci\u00f3n y exportaci\u00f3n de aceite de oliva extra virgen. Este crecimiento es de dos d\u00edgitos anuales y no solo abarca la actividad primaria, sino tambi\u00e9n la industrializaci\u00f3n, duplicando la capacidad de las f\u00e1bricas. El mundo espera nuestros aceites, y este evento es una oportunidad para la agroindustria sanjuanina en su conjunto. Queremos que San Juan sea sin\u00f3nimo de aceite de oliva, tanto en Argentina como en el extranjero\u00bb.<\/p>\n<p>Finalmente, el secretario General del CFI, Lic. Ignacio Lamothe subray\u00f3 que \u00abestamos convencidos de que este es el camino correcto y de que el sector p\u00fablico, bajo la direcci\u00f3n del gobernador de San Juan, debe ofrecer herramientas y acompa\u00f1ar el proceso de reconversi\u00f3n veloz del sector, prepar\u00e1ndonos para enfrentar los desaf\u00edos de las nuevas tecnolog\u00edas con dise\u00f1os e instrumentos espec\u00edficos\u00bb.<\/p>\n<p>Las actividades en el marco de ArgOliva, comenzaron el 2 de septiembre con la cata y valoraci\u00f3n de los aceites que participan del Concurso Internacional Premio Domingo F. Sarmiento. Luego, el 4 de septiembre se realiz\u00f3 la tradicional Ronda Internacional de Negocios del sector alimentos y bebidas, con gran presencia de participantes.<\/p>\n<p>Para el cierre de ArgOliva se realizar\u00e1 la Expo ArgOliva, en Centro de Conveciones Barrena Guzm\u00e1n y Jardines del Ferro Urban\u00edstico, el 7 y 8 de septiembre. La entrada es gratuita y abierta a todo el p\u00fablico y contar\u00e1 con expositores locales de aceite de oliva, aceitunas, miel, dulce de membrillo, entre otros. Tambi\u00e9n habr\u00e1 muestras gastron\u00f3micas de chefs locales, y n\u00fameros art\u00edsticos con academias de baile y m\u00fasicos locales.<\/p>\n<p>&nbsp;<\/p>\n<p>&nbsp;<\/p>\n","protected":false},"excerpt":{"rendered":"<p>En San Juan se desarrolla el XIV Encuentro Oliv\u00edcola Internacional ArgOliva es el evento oliv\u00edcola m\u00e1s importante de Sudam\u00e9rica, que<\/p>\n","protected":false},"author":3,"featured_media":76599,"comment_status":"closed","ping_status":"closed","sticky":false,"template":"","format":"standard","meta":{"_acf_changed":false,"_seopress_robots_primary_cat":"none","_seopress_titles_title":"","_seopress_titles_desc":"","_seopress_robots_index":"","colormag_page_container_layout":"default_layout","colormag_page_sidebar_layout":"default_layout","footnotes":""},"categories":[1,7],"tags":[],"class_list":["post-76596","post","type-post","status-publish","format-standard","has-post-thumbnail","hentry","category-destacadas","category-videos"],"acf":[],"_links":{"self":[{"href":"https:\/\/vocesparalelas.com.ar\/sitio\/wp-json\/wp\/v2\/posts\/76596","targetHints":{"allow":["GET"]}}],"collection":[{"href":"https:\/\/vocesparalelas.com.ar\/sitio\/wp-json\/wp\/v2\/posts"}],"about":[{"href":"https:\/\/vocesparalelas.com.ar\/sitio\/wp-json\/wp\/v2\/types\/post"}],"author":[{"embeddable":true,"href":"https:\/\/vocesparalelas.com.ar\/sitio\/wp-json\/wp\/v2\/users\/3"}],"replies":[{"embeddable":true,"href":"https:\/\/vocesparalelas.com.ar\/sitio\/wp-json\/wp\/v2\/comments?post=76596"}],"version-history":[{"count":1,"href":"https:\/\/vocesparalelas.com.ar\/sitio\/wp-json\/wp\/v2\/posts\/76596\/revisions"}],"predecessor-version":[{"id":76600,"href":"https:\/\/vocesparalelas.com.ar\/sitio\/wp-json\/wp\/v2\/posts\/76596\/revisions\/76600"}],"wp:featuredmedia":[{"embeddable":true,"href":"https:\/\/vocesparalelas.com.ar\/sitio\/wp-json\/wp\/v2\/media\/76599"}],"wp:attachment":[{"href":"https:\/\/vocesparalelas.com.ar\/sitio\/wp-json\/wp\/v2\/media?parent=76596"}],"wp:term":[{"taxonomy":"category","embeddable":true,"href":"https:\/\/vocesparalelas.com.ar\/sitio\/wp-json\/wp\/v2\/categories?post=76596"},{"taxonomy":"post_tag","embeddable":true,"href":"https:\/\/vocesparalelas.com.ar\/sitio\/wp-json\/wp\/v2\/tags?post=76596"}],"curies":[{"name":"wp","href":"https:\/\/api.w.org\/{rel}","templated":true}]}}