{"id":76588,"date":"2024-09-05T22:00:08","date_gmt":"2024-09-06T01:00:08","guid":{"rendered":"https:\/\/vocesparalelas.com.ar\/sitio\/?p=76588"},"modified":"2024-09-06T23:32:58","modified_gmt":"2024-09-07T02:32:58","slug":"apertura-de-sobres-licitacion-construccion-canal-agua-negra-tramo-i-departamento-iglesia-de-san-juan","status":"publish","type":"post","link":"https:\/\/vocesparalelas.com.ar\/sitio\/apertura-de-sobres-licitacion-construccion-canal-agua-negra-tramo-i-departamento-iglesia-de-san-juan\/","title":{"rendered":"Apertura de sobres Licitaci\u00f3n \u201cConstrucci\u00f3n canal Agua Negra -Tramo I \u2013 Departamento Iglesia\u201d de San Juan"},"content":{"rendered":"<p>En la Sala Cerdera de Casa de Gobierno, se realiz\u00f3 la apertura de sobres de la licitaci\u00f3n \u201cConstrucci\u00f3n canal Agua Negra -Tramo I \u2013 Departamento Iglesia\u201d de San Juan.<\/p>\n<p>Fue entonces que el ministro de Miner\u00eda del Gobierno de San Juan, Dr. Juan Pablo Perea, el Secretario General de la Gobernaci\u00f3n, Lic. Emilio Achem; la escribana Mayor de Gobierno, Dra. Mayra Mar\u00eda Eugenia Mancini; el director de Hidr\u00e1ulica, Ing. Ra\u00fal Gerardo Ruiz y miembros del Consejo de Hidr\u00e1ulica, comenz\u00f3 el acto para anunciar lo que significa para San Juan la construcci\u00f3n del canal Agua Negra, Tramo I , en el Departamento Iglesia, una obra p\u00fablica muy necesaria para la distribuci\u00f3n de agua de regad\u00edo.<\/p>\n<p>Es as\u00ed que, el Ministro de Miner\u00eda del Gobierno de San Juan, Dr. Juan Pablo Perea agradeci\u00f3 a las empresas que accedieron a competir en esta licitaci\u00f3n por se una obra p\u00fablica de gran importancia para el Departamento Iglesia y para San Juan.<\/p>\n<p><iframe loading=\"lazy\" title=\"SAN JUAN MINERIA DR JUAN PABLO PEREA\" width=\"800\" height=\"450\" src=\"https:\/\/www.youtube.com\/embed\/FgpinJ6R5ac?feature=oembed\" frameborder=\"0\" allow=\"accelerometer; autoplay; clipboard-write; encrypted-media; gyroscope; picture-in-picture; web-share\" referrerpolicy=\"strict-origin-when-cross-origin\" allowfullscreen><\/iframe><\/p>\n<p>Posteriormente, el Secretario General de la Gobernaci\u00f3n, Lic. Emilio Achem puntualiz\u00f3 que \u201cdesde el gobierno de la provincia creemos que gestionar obras necesarias para el desarrollo de los departamentos es una gran tarea, por eso estamos hoy realizando esta apertura de sobres\u201d.<\/p>\n<p>&nbsp;<\/p>\n<p><iframe loading=\"lazy\" title=\"SAN JUAN LIC EMILIO ACHEM\" width=\"800\" height=\"450\" src=\"https:\/\/www.youtube.com\/embed\/oToFQ4M1_Oo?feature=oembed\" frameborder=\"0\" allow=\"accelerometer; autoplay; clipboard-write; encrypted-media; gyroscope; picture-in-picture; web-share\" referrerpolicy=\"strict-origin-when-cross-origin\" allowfullscreen><\/iframe><\/p>\n<p>&nbsp;<\/p>\n<p>&nbsp;<\/p>\n<p>Acto seguido se procedi\u00f3 a iniciar la apertura de los sobres de la Licitaci\u00f3n \u201cConstrucci\u00f3n canal Agua Negra -Tramo I \u2013 Departamento Iglesia\u201d de San Juan.<\/p>\n<p><img loading=\"lazy\" decoding=\"async\" class=\"alignnone size-full wp-image-76592\" src=\"https:\/\/vocesparalelas.com.ar\/sitio\/wp-content\/uploads\/2024\/09\/IGLESIA-CANAL-HIDRAULICA-02.jpg\" alt=\"\" width=\"800\" height=\"533\" srcset=\"https:\/\/vocesparalelas.com.ar\/sitio\/wp-content\/uploads\/2024\/09\/IGLESIA-CANAL-HIDRAULICA-02.jpg 800w, https:\/\/vocesparalelas.com.ar\/sitio\/wp-content\/uploads\/2024\/09\/IGLESIA-CANAL-HIDRAULICA-02-300x200.jpg 300w, https:\/\/vocesparalelas.com.ar\/sitio\/wp-content\/uploads\/2024\/09\/IGLESIA-CANAL-HIDRAULICA-02-768x512.jpg 768w\" sizes=\"auto, (max-width: 800px) 100vw, 800px\" \/><\/p>\n<p>&nbsp;<\/p>\n<figure id=\"attachment_76591\" aria-describedby=\"caption-attachment-76591\" style=\"width: 800px\" class=\"wp-caption alignnone\"><img loading=\"lazy\" decoding=\"async\" class=\"size-full wp-image-76591\" src=\"https:\/\/vocesparalelas.com.ar\/sitio\/wp-content\/uploads\/2024\/09\/IGLESIA-CANAL-HIDRAULICA-01.jpg\" alt=\"\" width=\"800\" height=\"533\" srcset=\"https:\/\/vocesparalelas.com.ar\/sitio\/wp-content\/uploads\/2024\/09\/IGLESIA-CANAL-HIDRAULICA-01.jpg 800w, https:\/\/vocesparalelas.com.ar\/sitio\/wp-content\/uploads\/2024\/09\/IGLESIA-CANAL-HIDRAULICA-01-300x200.jpg 300w, https:\/\/vocesparalelas.com.ar\/sitio\/wp-content\/uploads\/2024\/09\/IGLESIA-CANAL-HIDRAULICA-01-768x512.jpg 768w\" sizes=\"auto, (max-width: 800px) 100vw, 800px\" \/><figcaption id=\"caption-attachment-76591\" class=\"wp-caption-text\">Pertenecen a la Unidad Operativa de Contrataciones del Departamento de Hidr\u00e1ulica Romina Riofr\u00edo, Francesca Fern\u00e1ndez y Julieta Vera<\/figcaption><\/figure>\n<p><span style=\"color: #ff6600;\"><strong>Empresas oferentes<\/strong><\/span><\/p>\n<ul>\n<li>Conycom SRL<\/li>\n<li>CICON SRL<\/li>\n<li>SIGMA SA<\/li>\n<li>DAZ Construcciones SRL<\/li>\n<li>Petersen- Armegom UT<\/li>\n<li>Senda SRL<\/li>\n<li>MAPAL SACIA<\/li>\n<\/ul>\n<p><span style=\"color: #ff6600;\"><strong>Acerca de la obra<\/strong><\/span><\/p>\n<p>Esta construcci\u00f3n se financiar\u00e1 con fondos del Fideicomiso Minero y\u00a0demandar\u00e1 $3.274.042.529,72\u00a0en su primera etapa.<\/p>\n<p>La nueva obra viene a dar soluci\u00f3n al requerimiento de agua de riego en algunas localidades iglesianas, a la conducci\u00f3n del agua de riego de manera eficiente y a evitar las p\u00e9rdidas que hoy alcanzan el 42% del caudal de ingreso.<\/p>\n<p>Se proyecta ejecutar un nuevo canal que estar\u00e1 ubicado paralelo a la traza del canal actual para evitar cortes del servicio a los regantes.<\/p>\n<p>Este Tramo 1 del Canal Agua Negra tiene una\u00a0longitud de 6,80 km y\u00a0comprende la\u00a0construcci\u00f3n de un canal de aducci\u00f3n, un desarenador, compuertas de operaci\u00f3n y una conducci\u00f3n de tuber\u00eda subterr\u00e1nea. Se trata de un trabajo que abarca los kil\u00f3metros m\u00e1s complicados del canal donde se producen las mayores p\u00e9rdidas por infiltraci\u00f3n.<\/p>\n<p>Desde el punto de vista ambiental se ha previsto la construcci\u00f3n de bebederos a cielo abierto a lo largo del tramo, cuya funci\u00f3n es abastecer de agua a la fauna de la zona. Adem\u00e1s, se prev\u00e9 la construcci\u00f3n de una zona de bosques con flora aut\u00f3ctona como Chacay, Cina Cina, Sauce Criollo, Acacia visco y especies adaptadas, las cuales se abastecer\u00e1n de agua mediante un sistema de riego por goteo.<\/p>\n<p><img loading=\"lazy\" decoding=\"async\" class=\"alignnone size-full wp-image-76593\" src=\"https:\/\/vocesparalelas.com.ar\/sitio\/wp-content\/uploads\/2024\/09\/IGLESIA-CANAL-HIDRAULICA-03.jpg\" alt=\"\" width=\"800\" height=\"533\" srcset=\"https:\/\/vocesparalelas.com.ar\/sitio\/wp-content\/uploads\/2024\/09\/IGLESIA-CANAL-HIDRAULICA-03.jpg 800w, https:\/\/vocesparalelas.com.ar\/sitio\/wp-content\/uploads\/2024\/09\/IGLESIA-CANAL-HIDRAULICA-03-300x200.jpg 300w, https:\/\/vocesparalelas.com.ar\/sitio\/wp-content\/uploads\/2024\/09\/IGLESIA-CANAL-HIDRAULICA-03-768x512.jpg 768w\" sizes=\"auto, (max-width: 800px) 100vw, 800px\" \/><\/p>\n","protected":false},"excerpt":{"rendered":"<p>En la Sala Cerdera de Casa de Gobierno, se realiz\u00f3 la apertura de sobres de la licitaci\u00f3n \u201cConstrucci\u00f3n canal Agua<\/p>\n","protected":false},"author":3,"featured_media":76594,"comment_status":"closed","ping_status":"closed","sticky":false,"template":"","format":"standard","meta":{"_acf_changed":false,"_seopress_robots_primary_cat":"none","_seopress_titles_title":"","_seopress_titles_desc":"","_seopress_robots_index":"","colormag_page_container_layout":"default_layout","colormag_page_sidebar_layout":"default_layout","footnotes":""},"categories":[8,7],"tags":[],"class_list":["post-76588","post","type-post","status-publish","format-standard","has-post-thumbnail","hentry","category-concursos","category-videos"],"acf":[],"_links":{"self":[{"href":"https:\/\/vocesparalelas.com.ar\/sitio\/wp-json\/wp\/v2\/posts\/76588","targetHints":{"allow":["GET"]}}],"collection":[{"href":"https:\/\/vocesparalelas.com.ar\/sitio\/wp-json\/wp\/v2\/posts"}],"about":[{"href":"https:\/\/vocesparalelas.com.ar\/sitio\/wp-json\/wp\/v2\/types\/post"}],"author":[{"embeddable":true,"href":"https:\/\/vocesparalelas.com.ar\/sitio\/wp-json\/wp\/v2\/users\/3"}],"replies":[{"embeddable":true,"href":"https:\/\/vocesparalelas.com.ar\/sitio\/wp-json\/wp\/v2\/comments?post=76588"}],"version-history":[{"count":1,"href":"https:\/\/vocesparalelas.com.ar\/sitio\/wp-json\/wp\/v2\/posts\/76588\/revisions"}],"predecessor-version":[{"id":76595,"href":"https:\/\/vocesparalelas.com.ar\/sitio\/wp-json\/wp\/v2\/posts\/76588\/revisions\/76595"}],"wp:featuredmedia":[{"embeddable":true,"href":"https:\/\/vocesparalelas.com.ar\/sitio\/wp-json\/wp\/v2\/media\/76594"}],"wp:attachment":[{"href":"https:\/\/vocesparalelas.com.ar\/sitio\/wp-json\/wp\/v2\/media?parent=76588"}],"wp:term":[{"taxonomy":"category","embeddable":true,"href":"https:\/\/vocesparalelas.com.ar\/sitio\/wp-json\/wp\/v2\/categories?post=76588"},{"taxonomy":"post_tag","embeddable":true,"href":"https:\/\/vocesparalelas.com.ar\/sitio\/wp-json\/wp\/v2\/tags?post=76588"}],"curies":[{"name":"wp","href":"https:\/\/api.w.org\/{rel}","templated":true}]}}