{"id":76584,"date":"2024-09-05T21:57:43","date_gmt":"2024-09-06T00:57:43","guid":{"rendered":"https:\/\/vocesparalelas.com.ar\/sitio\/?p=76584"},"modified":"2024-09-06T01:18:11","modified_gmt":"2024-09-06T04:18:11","slug":"festibach-de-primavera-2024-en-san-juan","status":"publish","type":"post","link":"https:\/\/vocesparalelas.com.ar\/sitio\/festibach-de-primavera-2024-en-san-juan\/","title":{"rendered":"\u00abFestiBach de Primavera 2024\u00bb en San Juan"},"content":{"rendered":"<p>En Agosto de 2018 naci\u00f3 en San Juan el Ciclo de \u201cConciertos Explicados\u201d, creado y dirigido por el maestro de San Juan radicado en Alemania, Guillermo L\u00f3pez, con el fin de ofrecer herramientas para la mejor comprensi\u00f3n y disfrute de la obra de Johann Sebasti\u00e1n Bach.<\/p>\n<p>Desde Septiembre de 2023, la idea da lugar a la conformaci\u00f3n del FestiBach .<\/p>\n<p>El Ciclo de conciertos se lleva a cabo en primavera y oto\u00f1o, con 5 d\u00edas de conciertos comentados que incluyen solistas instrumentales, ensambles de c\u00e1mara, obras de teatro y cada vez, 2 nuevas cantatas para coro, orquesta y solistas vocales.<\/p>\n<p><span style=\"color: #ff6600;\"><strong>\u00a0Cronograma<\/strong><\/span><\/p>\n<p>Mi\u00e9rcoles, 11 de Septiembre, a las 20 hs.; en la Iglesia Metodista, Av. Alem 432 &#8211; S &#8211; Capital, se brinda<strong> \u00ab<\/strong>M\u00fasica de c\u00e1mara\u00bb a cargo de\u00a0Bruno S\u00e1ez, alumnos de M\u00fasica de C\u00e1mara de la UNSJ y Orquesta Escuela. Bono contribuci\u00f3n: $2000<\/p>\n<ul>\n<li>Wilhelm Friedemann Bach Duo de violas en Sol mayor n\u00ba 61 Fabricio Carmona y Gabriel Aballay<\/li>\n<li>BWV 1056 Concierto n\u00ba 5 en fa menor para cembalo y orquesta Bruno S\u00e1ez e integrantes de la Camerata San Juan (10)<\/li>\n<li>BWV 73 &#8211; 5 Coral Das ist des Vaters Wille<\/li>\n<li>Tres melod\u00edas de minuetos (arr. Pablo Grosman)<\/li>\n<li>Orquesta Escuela Infantil<\/li>\n<li>BWV 1043 Concierto p\/ 2 violines \u2013 solistas: Catalina Benegas, Jer\u00f3nimo Luna<\/li>\n<li>Orquesta Escuela Juvenil (15)<\/li>\n<\/ul>\n<p>Jueves, 12 de Septiembre, a las 20 hs.; en el SUM de la\u00a0Elvira de la Riestra de L\u00e1inez,\u00a0Valent\u00edn Ruiz s\/n, Departamento Ull\u00fam, La entrada libre y gratuita. Se ofrece \u00abBach va a Ull\u00fam\u00bb<\/p>\n<ul>\n<li>Cantata BWV 125 Con paz y alegr\u00eda voy hacia all\u00ed<\/li>\n<li>Cantata BWV 78 Jes\u00fas, t\u00fa, que a mi alma redimiste<\/li>\n<li>Coro Bach, La Camerata, y solistas:, Diana Kurb\u00e1n, Hugo Ponce y Fernando Borr\u00e1s<\/li>\n<li>Cantatas BWV 78 y BWV 125, La Camerata, Coro Bach y solistas vocales.<\/li>\n<\/ul>\n<p>Viernes, 13 de Septiembre, a las 21 hs.; en el Club Social, Rivadavia 68 &#8211; E &#8211; Capital, se brinda Obras para teclado\u00bb a cargo de los alumnos de la c\u00e1tedra de piano del Prof. Alberto Trimeliti de la FFHA de la UNSJ. Bono contribuci\u00f3n: $3000<\/p>\n<ul>\n<li>Juli\u00e1n Garc\u00eda, BWV 814 Suite francesa en si menor Allemande \u2013 Courante \u2013 Sarabande \u2013 Anglaise \u2013 Menuet I \u2013 Menuet II \u2013 Giga. (15)<\/li>\n<li>Pedro Delgado, Clave bien temperado Vol. I. BWV 851 n\u00ba 6 &#8211; en re menor y BWV 850 n\u00ba 5 &#8211; en Re Mayor<\/li>\n<li>Agust\u00edn Villarroel, BWV 989 Aria variata alla maniera italiana, Tema \u2013 Andante. Var. I Poco allegro &#8211; Var. II Pi\u00f9 mosso &#8211; Var. III L&#8217;istessso tempo &#8211; Var. IV Andante. Var. V Un poco allegro &#8211; Var. VI Andante &#8211; Var. VII Un poco allegro Var. VIII Allegro &#8211; Var. IX L&#8217;istessso tempo &#8211; Var. X Tempo del tema. (18)<\/li>\n<li>Maxi Gilli, BWV 971 Concierto al estilo italiano I \u2013 Allegro II \u2013 Andante III \u2013 Presto. (13)<\/li>\n<\/ul>\n<p>S\u00e1bado, 14 de Septiembre, a las 20 hs.; en el Auditorio Ing. Juan Victoria con el Concierto principal, Cantatas BWV 78 y BWV 125, Concierto para oboe y viol\u00edn BWV 1060R, a cargo de La Camerata y Coro Bach y solistas vocales. Bono contribuci\u00f3n: $5000<\/p>\n<ul>\n<li>BWV 1060R Concierto para oboe y viol\u00edn. Solistas: Marcelo Delgado y Pablo Rodriguez<\/li>\n<li>BWV 125 Cantata <strong>\u201c<\/strong>Con paz y alegr\u00eda voy hacia all\u00ed\u201d<\/li>\n<li>BWV 78 Cantata \u201cJes\u00fas, t\u00fa, que a mi alma redimiste\u201d<\/li>\n<li>Coro Bach, La Camerata, y solistas:, Diana Kurb\u00e1n, Hugo Ponce y Fernando Borr\u00e1s<\/li>\n<\/ul>\n<p>Domingo, 15 de Septiembre, a las 20 hs.; en la Sala del Museo Provincial de Bellas Artes Franklin Rawson, se presenta Unipersonal de teatro \u201cUn tango para Bach\u201d de Hugo Ponce. \u201cSue\u00f1o barroco de bul\u00edn y conventillo\u201d<br \/>\nBono Contribuci\u00f3n $3000<\/p>\n<p>&nbsp;<\/p>\n<p>&nbsp;<\/p>\n<p>&nbsp;<\/p>\n","protected":false},"excerpt":{"rendered":"<p>En Agosto de 2018 naci\u00f3 en San Juan el Ciclo de \u201cConciertos Explicados\u201d, creado y dirigido por el maestro de<\/p>\n","protected":false},"author":3,"featured_media":50100,"comment_status":"closed","ping_status":"closed","sticky":false,"template":"","format":"standard","meta":{"_acf_changed":false,"_seopress_robots_primary_cat":"none","_seopress_titles_title":"","_seopress_titles_desc":"","_seopress_robots_index":"","colormag_page_container_layout":"default_layout","colormag_page_sidebar_layout":"default_layout","footnotes":""},"categories":[20],"tags":[],"class_list":["post-76584","post","type-post","status-publish","format-standard","has-post-thumbnail","hentry","category-cartelera"],"acf":[],"_links":{"self":[{"href":"https:\/\/vocesparalelas.com.ar\/sitio\/wp-json\/wp\/v2\/posts\/76584","targetHints":{"allow":["GET"]}}],"collection":[{"href":"https:\/\/vocesparalelas.com.ar\/sitio\/wp-json\/wp\/v2\/posts"}],"about":[{"href":"https:\/\/vocesparalelas.com.ar\/sitio\/wp-json\/wp\/v2\/types\/post"}],"author":[{"embeddable":true,"href":"https:\/\/vocesparalelas.com.ar\/sitio\/wp-json\/wp\/v2\/users\/3"}],"replies":[{"embeddable":true,"href":"https:\/\/vocesparalelas.com.ar\/sitio\/wp-json\/wp\/v2\/comments?post=76584"}],"version-history":[{"count":1,"href":"https:\/\/vocesparalelas.com.ar\/sitio\/wp-json\/wp\/v2\/posts\/76584\/revisions"}],"predecessor-version":[{"id":76587,"href":"https:\/\/vocesparalelas.com.ar\/sitio\/wp-json\/wp\/v2\/posts\/76584\/revisions\/76587"}],"wp:featuredmedia":[{"embeddable":true,"href":"https:\/\/vocesparalelas.com.ar\/sitio\/wp-json\/wp\/v2\/media\/50100"}],"wp:attachment":[{"href":"https:\/\/vocesparalelas.com.ar\/sitio\/wp-json\/wp\/v2\/media?parent=76584"}],"wp:term":[{"taxonomy":"category","embeddable":true,"href":"https:\/\/vocesparalelas.com.ar\/sitio\/wp-json\/wp\/v2\/categories?post=76584"},{"taxonomy":"post_tag","embeddable":true,"href":"https:\/\/vocesparalelas.com.ar\/sitio\/wp-json\/wp\/v2\/tags?post=76584"}],"curies":[{"name":"wp","href":"https:\/\/api.w.org\/{rel}","templated":true}]}}