{"id":76579,"date":"2024-09-05T20:20:43","date_gmt":"2024-09-05T23:20:43","guid":{"rendered":"https:\/\/vocesparalelas.com.ar\/sitio\/?p=76579"},"modified":"2024-09-06T23:33:52","modified_gmt":"2024-09-07T02:33:52","slug":"se-fortalece-la-formacion-de-calidad-para-los-futuros-agente-de-la-policia-de-san-juan","status":"publish","type":"post","link":"https:\/\/vocesparalelas.com.ar\/sitio\/se-fortalece-la-formacion-de-calidad-para-los-futuros-agente-de-la-policia-de-san-juan\/","title":{"rendered":"Se fortalece la formaci\u00f3n de calidad para los futuros agente de la Polic\u00eda de San Juan"},"content":{"rendered":"<p>En un esfuerzo por mejorar la capacitaci\u00f3n de los futuros agentes de la Polic\u00eda de San Juan, se establece un acuerdo que define responsabilidades entre el secretario de Seguridad y Orden P\u00fabico, Dr. Gustavo S\u00e1nchez y la ministra de Educaci\u00f3n del Gobierno de San Juan, Lic. Silvia Fuentes, garantizando recursos y espacios adecuados para una formaci\u00f3n de calidad.<\/p>\n<p>El acuerdo firmado, busca fortalecer la capacitaci\u00f3n del personal policial, se erige como un paso esencial para establecer una formaci\u00f3n de calidad para los futuros agentes.<\/p>\n<p>El acta establece las responsabilidades entre la Secretar\u00eda de Seguridad y Orden P\u00fabico y el Ministra de Educaci\u00f3n del Gobierno de San Juan. La Secretar\u00eda se hace cargo de proporcionar las instalaciones y el equipamiento necesario, mientras que el Ministerio se encarga de la selecci\u00f3n y remuneraci\u00f3n de los docentes y profesionales que guian a los futuros agentes en su formaci\u00f3n acad\u00e9mica. Este enfoque colaborativo busca asegurar que tanto los recursos materiales como humanos est\u00e9n optimizados para ofrecer una educaci\u00f3n de alta calidad.<\/p>\n<p>Uno de los puntos clave del acuerdo es la creaci\u00f3n y acondicionamiento de laboratorios y espacios espec\u00edficos para la instrucci\u00f3n y adiestramiento policial, lo que permite fomentar una preparaci\u00f3n integral de los agentes, adecuada a las necesidades actuales de seguridad p\u00fablica.<\/p>\n<p>Este convenio se enmarca en el esfuerzo continuo por mejorar las capacidades de la fuerza policial en San Juan, reafirmando el compromiso del Gobierno de San Juan con la formaci\u00f3n de profesionales capacitados y competentes que garanticen la seguridad y el bienestar de la comunidad.<\/p>\n<p>&nbsp;<\/p>\n<p><img loading=\"lazy\" decoding=\"async\" class=\"alignnone size-full wp-image-28629\" src=\"https:\/\/vocesparalelas.com.ar\/sitio\/wp-content\/uploads\/2020\/05\/MINISTERIO-EDUCACION-SJ.jpg\" alt=\"\" width=\"800\" height=\"533\" srcset=\"https:\/\/vocesparalelas.com.ar\/sitio\/wp-content\/uploads\/2020\/05\/MINISTERIO-EDUCACION-SJ.jpg 800w, https:\/\/vocesparalelas.com.ar\/sitio\/wp-content\/uploads\/2020\/05\/MINISTERIO-EDUCACION-SJ-300x200.jpg 300w, https:\/\/vocesparalelas.com.ar\/sitio\/wp-content\/uploads\/2020\/05\/MINISTERIO-EDUCACION-SJ-768x512.jpg 768w\" sizes=\"auto, (max-width: 800px) 100vw, 800px\" \/><\/p>\n","protected":false},"excerpt":{"rendered":"<p>En un esfuerzo por mejorar la capacitaci\u00f3n de los futuros agentes de la Polic\u00eda de San Juan, se establece un<\/p>\n","protected":false},"author":3,"featured_media":76582,"comment_status":"closed","ping_status":"closed","sticky":false,"template":"","format":"standard","meta":{"_acf_changed":false,"_seopress_robots_primary_cat":"none","_seopress_titles_title":"","_seopress_titles_desc":"","_seopress_robots_index":"","colormag_page_container_layout":"default_layout","colormag_page_sidebar_layout":"default_layout","footnotes":""},"categories":[15],"tags":[],"class_list":["post-76579","post","type-post","status-publish","format-standard","has-post-thumbnail","hentry","category-posgrados"],"acf":[],"_links":{"self":[{"href":"https:\/\/vocesparalelas.com.ar\/sitio\/wp-json\/wp\/v2\/posts\/76579","targetHints":{"allow":["GET"]}}],"collection":[{"href":"https:\/\/vocesparalelas.com.ar\/sitio\/wp-json\/wp\/v2\/posts"}],"about":[{"href":"https:\/\/vocesparalelas.com.ar\/sitio\/wp-json\/wp\/v2\/types\/post"}],"author":[{"embeddable":true,"href":"https:\/\/vocesparalelas.com.ar\/sitio\/wp-json\/wp\/v2\/users\/3"}],"replies":[{"embeddable":true,"href":"https:\/\/vocesparalelas.com.ar\/sitio\/wp-json\/wp\/v2\/comments?post=76579"}],"version-history":[{"count":1,"href":"https:\/\/vocesparalelas.com.ar\/sitio\/wp-json\/wp\/v2\/posts\/76579\/revisions"}],"predecessor-version":[{"id":76583,"href":"https:\/\/vocesparalelas.com.ar\/sitio\/wp-json\/wp\/v2\/posts\/76579\/revisions\/76583"}],"wp:featuredmedia":[{"embeddable":true,"href":"https:\/\/vocesparalelas.com.ar\/sitio\/wp-json\/wp\/v2\/media\/76582"}],"wp:attachment":[{"href":"https:\/\/vocesparalelas.com.ar\/sitio\/wp-json\/wp\/v2\/media?parent=76579"}],"wp:term":[{"taxonomy":"category","embeddable":true,"href":"https:\/\/vocesparalelas.com.ar\/sitio\/wp-json\/wp\/v2\/categories?post=76579"},{"taxonomy":"post_tag","embeddable":true,"href":"https:\/\/vocesparalelas.com.ar\/sitio\/wp-json\/wp\/v2\/tags?post=76579"}],"curies":[{"name":"wp","href":"https:\/\/api.w.org\/{rel}","templated":true}]}}