{"id":76574,"date":"2024-09-05T19:45:23","date_gmt":"2024-09-05T22:45:23","guid":{"rendered":"https:\/\/vocesparalelas.com.ar\/sitio\/?p=76574"},"modified":"2024-09-06T13:37:20","modified_gmt":"2024-09-06T16:37:20","slug":"concierto-musica-de-ensueno-del-coro-preuniversitario-de-la-unsj-en-el-auditorio-ing-juan-victoria","status":"publish","type":"post","link":"https:\/\/vocesparalelas.com.ar\/sitio\/concierto-musica-de-ensueno-del-coro-preuniversitario-de-la-unsj-en-el-auditorio-ing-juan-victoria\/","title":{"rendered":"Concierto \u00abM\u00fasica de ensue\u00f1o\u00bb del Coro Preuniversitario de la UNSJ en el Auditorio Ing. Juan Victoria"},"content":{"rendered":"<p>El Coro Preuniversitario de la Universidad Nacional de San Juan, integrado por alrededor de 35 j\u00f3venes de entre 13 y 18 a\u00f1os, brindan a la comunidad de San Juan, su primer concierto 2024 \u00abM\u00fasica de ensue\u00f1o\u00bb el Mi\u00e9rcoles, 11 de Septiembre, a las 21 hs.; en el Auditorio Ing. Juan Victoria.<\/p>\n<p><span style=\"color: #ff6600;\"><b>Programa<\/b><\/span><\/p>\n<ul>\n<li>La primera parte, protagonizada por el Coro Pre Universitario, que canta obras t\u00edpicas de Centroam\u00e9rica y Latinoam\u00e9rica, terminando con m\u00fasica popular.<\/li>\n<li>La segunda parte, con la participaci\u00f3n del Room Band, un ensamble instrumental que interpreta obras de pel\u00edculas. El grupo est\u00e1 integrado en su mayor\u00eda por estudiantes del Departamento de M\u00fasica de la Facultad de Filosof\u00eda, Humanidades y Artes de la UNSJ. La formaci\u00f3n est\u00e1 a cargo de un docente de educaci\u00f3n musical, Leo P\u00e9rez y un egresado Santiago Fuentes, quien desarroll\u00f3 los arreglos y composici\u00f3n,<\/li>\n<li>La tercera parte, la actuaci\u00f3n en conjunto entre el Coro Preuniversitario y el Ensamble Room Band, que finalizan el concierto con las bandas sonoras de las pel\u00edculas &#8216;Mul\u00e1n&#8217; y &#8216;Alicia en el pa\u00eds de las maravillas&#8217;, con arreglos de Santiago Fuentes.<\/li>\n<\/ul>\n<p><span style=\"color: #ff6600;\"><strong>Entrada<\/strong><\/span><\/p>\n<p>Se adquieren en el Centro de Creaci\u00f3n Art\u00edstica Coral, en la \u201cEscuela de M\u00fasica\u201d, F\u00e9lix Aguilar, en cercan\u00edas del Auditorio Ing. Juan Victoria.<\/p>\n<p>Al respecto de este primer concierto, el director a cargo del Coro Preuniversitario, Maestro Francisco Castillo, manifest\u00f3 que \u201cesta experiencia en conjunto ya fue vivida el a\u00f1o pasado y este a\u00f1o ampliamos un poco m\u00e1s. Por otro lado, el 16 de Septiembre, tambi\u00e9n, vamos a ir con Room Band a dar comienzo a un concierto organizado por el Centro Terap\u00e9utico Esencial, con musicales destinado a las infancias del Centro\u201d.<\/p>\n<p>&nbsp;<\/p>\n<p><img loading=\"lazy\" decoding=\"async\" class=\"alignnone size-full wp-image-61468\" src=\"https:\/\/vocesparalelas.com.ar\/sitio\/wp-content\/uploads\/2023\/07\/AUDITORIO-EDIFICIO.jpg\" alt=\"\" width=\"800\" height=\"533\" srcset=\"https:\/\/vocesparalelas.com.ar\/sitio\/wp-content\/uploads\/2023\/07\/AUDITORIO-EDIFICIO.jpg 800w, https:\/\/vocesparalelas.com.ar\/sitio\/wp-content\/uploads\/2023\/07\/AUDITORIO-EDIFICIO-300x200.jpg 300w, https:\/\/vocesparalelas.com.ar\/sitio\/wp-content\/uploads\/2023\/07\/AUDITORIO-EDIFICIO-768x512.jpg 768w\" sizes=\"auto, (max-width: 800px) 100vw, 800px\" \/><\/p>\n","protected":false},"excerpt":{"rendered":"<p>El Coro Preuniversitario de la Universidad Nacional de San Juan, integrado por alrededor de 35 j\u00f3venes de entre 13 y<\/p>\n","protected":false},"author":3,"featured_media":76577,"comment_status":"closed","ping_status":"closed","sticky":false,"template":"","format":"standard","meta":{"_acf_changed":false,"_seopress_robots_primary_cat":"none","_seopress_titles_title":"","_seopress_titles_desc":"","_seopress_robots_index":"","colormag_page_container_layout":"default_layout","colormag_page_sidebar_layout":"default_layout","footnotes":""},"categories":[20],"tags":[],"class_list":["post-76574","post","type-post","status-publish","format-standard","has-post-thumbnail","hentry","category-cartelera"],"acf":[],"_links":{"self":[{"href":"https:\/\/vocesparalelas.com.ar\/sitio\/wp-json\/wp\/v2\/posts\/76574","targetHints":{"allow":["GET"]}}],"collection":[{"href":"https:\/\/vocesparalelas.com.ar\/sitio\/wp-json\/wp\/v2\/posts"}],"about":[{"href":"https:\/\/vocesparalelas.com.ar\/sitio\/wp-json\/wp\/v2\/types\/post"}],"author":[{"embeddable":true,"href":"https:\/\/vocesparalelas.com.ar\/sitio\/wp-json\/wp\/v2\/users\/3"}],"replies":[{"embeddable":true,"href":"https:\/\/vocesparalelas.com.ar\/sitio\/wp-json\/wp\/v2\/comments?post=76574"}],"version-history":[{"count":1,"href":"https:\/\/vocesparalelas.com.ar\/sitio\/wp-json\/wp\/v2\/posts\/76574\/revisions"}],"predecessor-version":[{"id":76578,"href":"https:\/\/vocesparalelas.com.ar\/sitio\/wp-json\/wp\/v2\/posts\/76574\/revisions\/76578"}],"wp:featuredmedia":[{"embeddable":true,"href":"https:\/\/vocesparalelas.com.ar\/sitio\/wp-json\/wp\/v2\/media\/76577"}],"wp:attachment":[{"href":"https:\/\/vocesparalelas.com.ar\/sitio\/wp-json\/wp\/v2\/media?parent=76574"}],"wp:term":[{"taxonomy":"category","embeddable":true,"href":"https:\/\/vocesparalelas.com.ar\/sitio\/wp-json\/wp\/v2\/categories?post=76574"},{"taxonomy":"post_tag","embeddable":true,"href":"https:\/\/vocesparalelas.com.ar\/sitio\/wp-json\/wp\/v2\/tags?post=76574"}],"curies":[{"name":"wp","href":"https:\/\/api.w.org\/{rel}","templated":true}]}}