{"id":76570,"date":"2024-09-05T18:59:55","date_gmt":"2024-09-05T21:59:55","guid":{"rendered":"https:\/\/vocesparalelas.com.ar\/sitio\/?p=76570"},"modified":"2024-09-06T13:37:46","modified_gmt":"2024-09-06T16:37:46","slug":"concurso-de-antecedentes-y-oposicion-para-el-cargo-de-director-vacante-de-la-eidfs-de-la-unsj","status":"publish","type":"post","link":"https:\/\/vocesparalelas.com.ar\/sitio\/concurso-de-antecedentes-y-oposicion-para-el-cargo-de-director-vacante-de-la-eidfs-de-la-unsj\/","title":{"rendered":"Concurso de Antecedentes y Oposici\u00f3n para el cargo de Director vacante de la EIDFS de la UNSJ"},"content":{"rendered":"<p>El rector de la Universidad Nacional de San Juan, Mg. Tadeo Berenguer, llama a Concurso P\u00fablico de Antecedentes y Oposici\u00f3n en los t\u00e9rminos, alcances y requisitos establecidos en la Ordenanza N\u00b0 8\/98-CS, para cubrir un (1) cargo de conducci\u00f3n, por el t\u00e9rmino de siete (7) a\u00f1os, cumpliendo las funciones de cargo de Director del Instituto Preuniversitario de la ENSJ Escuela Industrial \u201cDomingo Faustino Sarmiento\u201d, con la dedicaci\u00f3n especificada en la Resoluci\u00f3n N\u00b0 2396\/24-R y las funciones correspondientes que se detallan en el Art\u00edculo N\u00b0 7 de la Ordenanza N\u00b0 5\/94-R-.<\/p>\n<p><span style=\"color: #0000ff;\"><strong>Inscripci\u00f3n<\/strong><\/span><\/p>\n<p>Desde las 8 horas del 30 de Septiembre hasta las 12 horas del 2 de Octubre de 2024, de 8 a 12 hs. se realizan la inscripci\u00f3n de aspirantes al cargo de Director de la EIDFS de la UNSJ<\/p>\n<p><img loading=\"lazy\" decoding=\"async\" class=\"alignnone size-full wp-image-54035\" src=\"https:\/\/vocesparalelas.com.ar\/sitio\/wp-content\/uploads\/2022\/11\/UNSJ-LOGO-10.jpg\" alt=\"\" width=\"800\" height=\"533\" srcset=\"https:\/\/vocesparalelas.com.ar\/sitio\/wp-content\/uploads\/2022\/11\/UNSJ-LOGO-10.jpg 800w, https:\/\/vocesparalelas.com.ar\/sitio\/wp-content\/uploads\/2022\/11\/UNSJ-LOGO-10-300x200.jpg 300w, https:\/\/vocesparalelas.com.ar\/sitio\/wp-content\/uploads\/2022\/11\/UNSJ-LOGO-10-768x512.jpg 768w\" sizes=\"auto, (max-width: 800px) 100vw, 800px\" \/><\/p>\n","protected":false},"excerpt":{"rendered":"<p>El rector de la Universidad Nacional de San Juan, Mg. Tadeo Berenguer, llama a Concurso P\u00fablico de Antecedentes y Oposici\u00f3n<\/p>\n","protected":false},"author":3,"featured_media":14441,"comment_status":"closed","ping_status":"closed","sticky":false,"template":"","format":"standard","meta":{"_acf_changed":false,"_seopress_robots_primary_cat":"none","_seopress_titles_title":"","_seopress_titles_desc":"","_seopress_robots_index":"","colormag_page_container_layout":"default_layout","colormag_page_sidebar_layout":"default_layout","footnotes":""},"categories":[5],"tags":[],"class_list":["post-76570","post","type-post","status-publish","format-standard","has-post-thumbnail","hentry","category-ofrecimientos"],"acf":[],"_links":{"self":[{"href":"https:\/\/vocesparalelas.com.ar\/sitio\/wp-json\/wp\/v2\/posts\/76570","targetHints":{"allow":["GET"]}}],"collection":[{"href":"https:\/\/vocesparalelas.com.ar\/sitio\/wp-json\/wp\/v2\/posts"}],"about":[{"href":"https:\/\/vocesparalelas.com.ar\/sitio\/wp-json\/wp\/v2\/types\/post"}],"author":[{"embeddable":true,"href":"https:\/\/vocesparalelas.com.ar\/sitio\/wp-json\/wp\/v2\/users\/3"}],"replies":[{"embeddable":true,"href":"https:\/\/vocesparalelas.com.ar\/sitio\/wp-json\/wp\/v2\/comments?post=76570"}],"version-history":[{"count":1,"href":"https:\/\/vocesparalelas.com.ar\/sitio\/wp-json\/wp\/v2\/posts\/76570\/revisions"}],"predecessor-version":[{"id":76573,"href":"https:\/\/vocesparalelas.com.ar\/sitio\/wp-json\/wp\/v2\/posts\/76570\/revisions\/76573"}],"wp:featuredmedia":[{"embeddable":true,"href":"https:\/\/vocesparalelas.com.ar\/sitio\/wp-json\/wp\/v2\/media\/14441"}],"wp:attachment":[{"href":"https:\/\/vocesparalelas.com.ar\/sitio\/wp-json\/wp\/v2\/media?parent=76570"}],"wp:term":[{"taxonomy":"category","embeddable":true,"href":"https:\/\/vocesparalelas.com.ar\/sitio\/wp-json\/wp\/v2\/categories?post=76570"},{"taxonomy":"post_tag","embeddable":true,"href":"https:\/\/vocesparalelas.com.ar\/sitio\/wp-json\/wp\/v2\/tags?post=76570"}],"curies":[{"name":"wp","href":"https:\/\/api.w.org\/{rel}","templated":true}]}}