{"id":76562,"date":"2024-09-05T13:07:43","date_gmt":"2024-09-05T16:07:43","guid":{"rendered":"https:\/\/vocesparalelas.com.ar\/sitio\/?p=76562"},"modified":"2024-09-05T13:07:43","modified_gmt":"2024-09-05T16:07:43","slug":"se-reunio-la-comision-de-salud-y-discapacidad-de-la-camara-de-diputados-de-san-juan-2","status":"publish","type":"post","link":"https:\/\/vocesparalelas.com.ar\/sitio\/se-reunio-la-comision-de-salud-y-discapacidad-de-la-camara-de-diputados-de-san-juan-2\/","title":{"rendered":"Se reuni\u00f3 la Comisi\u00f3n\u00a0de Salud y Discapacidad de la C\u00e1mara de Diputados de San Juan"},"content":{"rendered":"<p>En el Edificio Hist\u00f3rico de la Legislatura provincial, los diputados integrantes de la Comisi\u00f3n\u00a0de Salud y Discapacidad de la C\u00e1mara de Diputados de San Juan\u00a0mantuvieron un encuentro donde trataron diversas iniciativas.<\/p>\n<p>Estuvieron presentes los legisladores Dr. Gustavo N\u00fa\u00f1ez, Marta Gramajo, Lic. Cristina L\u00f3pez, Enzo Cornejo, Lic. Graciela Seva, Gustavo Deguer, Marcela Quiroga y M\u00f3nica Gonz\u00e1lez.<\/p>\n<p>En primer t\u00e9rmino, se trataron dos iniciativas respecto a la Muerte Perinatal, ambas con despacho favorable. Por un lado, al proyecto presentado bajo\u00a0Exp. 1500, por el que San Juan adhiere a la\u00a0Ley Nacional N\u00b0 27.733, de\u00a0\u201cProcedimientos M\u00e9dico-Asistenciales para la Atenci\u00f3n de Mujeres y Personas Gestantes frente a la Muerte Perinatal\u201d.<\/p>\n<p><strong><span style=\"color: #800080;\">Por otra parte, el\u00a0Expediente 1730 expresa<\/span><\/strong><\/p>\n<p>ARTICULO 1\u00b0: Se instituye el d\u00eda 15 de Octubre de cada a\u00f1o como el \u00abDia Internacional de la Visibilizaci\u00f3n de las Muertes Perinatales\u00bb, con el objetivo de visibilizar la problem\u00e1tica relacionada con las muertes perinatales.<\/p>\n<p>ART\u00cdCULO 2\u00b0: Establecer que todos los edificios p\u00fablicos dependientes del Poder Ejecutivo como de Poder Legislativo, se iluminen con los colores Rosa y Celeste, durante la tarde\/noche el 15 de Octubre de cada a\u00f1o.<\/p>\n<p>A continuaci\u00f3n, se debati\u00f3 el proyecto presentado bajo\u00a0Expediente 1782, que cont\u00f3 con despacho favorable y propone la creaci\u00f3n de un\u00a0programa de capacitaci\u00f3n\u00a0obligatoria para los trabajadores de todos los establecimientos educativos, tanto p\u00fablicos como privados, al personal de la administraci\u00f3n p\u00fablica y empleados de locales gastron\u00f3micos, que desarrollen sus actividades en el \u00e1mbito de la provincia de San Juan. La tem\u00e1tica de dicha formaci\u00f3n es respecto a la maniobra de Heimlich y acciones de primeros auxilios.<\/p>\n<p>Finalmente, dialogaron sobre la iniciativa presentada en el\u00a0Expediente 2275\u00a0por el que se proponer\u00a0declarar de inter\u00e9s social, educativo y sanitario las Jornadas sobre Psicopedagog\u00eda en Salud, que se realizar\u00e1n el d\u00eda 13 de septiembre de 2024, dirigida a los profesionales psicopedagogos de la provincia. Es organizada por el Consejo Directivo del Colegio Profesional de Psicopedagogos de San Juan.<\/p>\n<figure id=\"attachment_37951\" aria-describedby=\"caption-attachment-37951\" style=\"width: 800px\" class=\"wp-caption alignnone\"><img loading=\"lazy\" decoding=\"async\" class=\"size-full wp-image-37951\" src=\"https:\/\/vocesparalelas.com.ar\/sitio\/wp-content\/uploads\/2021\/05\/CAMARA-EDIFICIO.jpg\" alt=\"\" width=\"800\" height=\"515\" srcset=\"https:\/\/vocesparalelas.com.ar\/sitio\/wp-content\/uploads\/2021\/05\/CAMARA-EDIFICIO.jpg 800w, https:\/\/vocesparalelas.com.ar\/sitio\/wp-content\/uploads\/2021\/05\/CAMARA-EDIFICIO-300x193.jpg 300w, https:\/\/vocesparalelas.com.ar\/sitio\/wp-content\/uploads\/2021\/05\/CAMARA-EDIFICIO-768x494.jpg 768w\" sizes=\"auto, (max-width: 800px) 100vw, 800px\" \/><figcaption id=\"caption-attachment-37951\" class=\"wp-caption-text\">Legislatura Provincial de San Juan, Rep\u00fablica Argentina<\/figcaption><\/figure>\n<p>&nbsp;<\/p>\n","protected":false},"excerpt":{"rendered":"<p>En el Edificio Hist\u00f3rico de la Legislatura provincial, los diputados integrantes de la Comisi\u00f3n\u00a0de Salud y Discapacidad de la C\u00e1mara<\/p>\n","protected":false},"author":3,"featured_media":76565,"comment_status":"closed","ping_status":"closed","sticky":false,"template":"","format":"standard","meta":{"_acf_changed":false,"_seopress_robots_primary_cat":"none","_seopress_titles_title":"","_seopress_titles_desc":"","_seopress_robots_index":"","colormag_page_container_layout":"default_layout","colormag_page_sidebar_layout":"default_layout","footnotes":""},"categories":[1],"tags":[],"class_list":["post-76562","post","type-post","status-publish","format-standard","has-post-thumbnail","hentry","category-destacadas"],"acf":[],"_links":{"self":[{"href":"https:\/\/vocesparalelas.com.ar\/sitio\/wp-json\/wp\/v2\/posts\/76562","targetHints":{"allow":["GET"]}}],"collection":[{"href":"https:\/\/vocesparalelas.com.ar\/sitio\/wp-json\/wp\/v2\/posts"}],"about":[{"href":"https:\/\/vocesparalelas.com.ar\/sitio\/wp-json\/wp\/v2\/types\/post"}],"author":[{"embeddable":true,"href":"https:\/\/vocesparalelas.com.ar\/sitio\/wp-json\/wp\/v2\/users\/3"}],"replies":[{"embeddable":true,"href":"https:\/\/vocesparalelas.com.ar\/sitio\/wp-json\/wp\/v2\/comments?post=76562"}],"version-history":[{"count":1,"href":"https:\/\/vocesparalelas.com.ar\/sitio\/wp-json\/wp\/v2\/posts\/76562\/revisions"}],"predecessor-version":[{"id":76566,"href":"https:\/\/vocesparalelas.com.ar\/sitio\/wp-json\/wp\/v2\/posts\/76562\/revisions\/76566"}],"wp:featuredmedia":[{"embeddable":true,"href":"https:\/\/vocesparalelas.com.ar\/sitio\/wp-json\/wp\/v2\/media\/76565"}],"wp:attachment":[{"href":"https:\/\/vocesparalelas.com.ar\/sitio\/wp-json\/wp\/v2\/media?parent=76562"}],"wp:term":[{"taxonomy":"category","embeddable":true,"href":"https:\/\/vocesparalelas.com.ar\/sitio\/wp-json\/wp\/v2\/categories?post=76562"},{"taxonomy":"post_tag","embeddable":true,"href":"https:\/\/vocesparalelas.com.ar\/sitio\/wp-json\/wp\/v2\/tags?post=76562"}],"curies":[{"name":"wp","href":"https:\/\/api.w.org\/{rel}","templated":true}]}}