{"id":76550,"date":"2024-09-04T23:00:33","date_gmt":"2024-09-05T02:00:33","guid":{"rendered":"https:\/\/vocesparalelas.com.ar\/sitio\/?p=76550"},"modified":"2024-09-06T00:20:33","modified_gmt":"2024-09-06T03:20:33","slug":"hacia-el-concurso-abierto-del-cargo-de-director-de-la-eidfs-de-la-unsj","status":"publish","type":"post","link":"https:\/\/vocesparalelas.com.ar\/sitio\/hacia-el-concurso-abierto-del-cargo-de-director-de-la-eidfs-de-la-unsj\/","title":{"rendered":"Hacia el Concurso abierto del cargo de Director de la EIDFS de la UNSJ"},"content":{"rendered":"<p>El Instituto Preuniversitario de la Universidad Nacional de San Juan Escuela Industrial Domingo Faustino Sarmiento por un evento muy emotivo para la la comunidad educativa, ya que el Director Ing. Jorge Guti\u00e9rrez, pas\u00f3 a los beneficios de la jubilaci\u00f3n, quien permaneci\u00f3 en el cargo durante 11 a\u00f1os y 6 meses, guiando el destino de la instituci\u00f3n tan querida en San Juan.<\/p>\n<p>Despu\u00e9s, de esta situaci\u00f3n, donde el cargo de director qued\u00f3 vacante, comienzan los tr\u00e1mites administrativos para nombrar autoridades transitorias hasta la convocatoria abierta del Concurso, del llamado oficial, seg\u00fan la nueva reglamentaci\u00f3n que fue definida por la gesti\u00f3n del Rector de la UNSJ, Ing. Tadeo Berenguer y la vicerrectora Dra. Anal\u00eda Ponce.<\/p>\n<p><span style=\"color: #ff6600;\"><strong>En esta instancia, las autoridades transitorias de la EIDFS de la UNSJ<\/strong><\/span><\/p>\n<ul>\n<li>Directora Lic. Mar\u00eda Fernanda Rostagno<\/li>\n<li>Vicedirector del Ciclo B\u00e1sico Prof. Fernando Fonzalida<\/li>\n<li>Vicedirector del Ciclo T\u00e9cnico Profesional, Prof, Ra\u00fal Trujillo<\/li>\n<\/ul>\n<p>Por ello, Voces Paralelas desarroll\u00f3 una entrevista period\u00edstica a la Secretaria Acad\u00e9mica de la UNSJ, Prof. Rosa Ferrer, quien explic\u00f3 el proceso administrativo que requiere la designaci\u00f3n en el cargo de Director de la EIDFS de la UNSJ hasta que se concurse el mismo y se designe el titular del mismo.<\/p>\n<p>&nbsp;<\/p>\n<p><iframe loading=\"lazy\" title=\"UNSJ SECRETARIA ACAD\u00c9MICA PROF ROSITA FERRER\" width=\"800\" height=\"450\" src=\"https:\/\/www.youtube.com\/embed\/iOu0RiPBe-I?feature=oembed\" frameborder=\"0\" allow=\"accelerometer; autoplay; clipboard-write; encrypted-media; gyroscope; picture-in-picture; web-share\" referrerpolicy=\"strict-origin-when-cross-origin\" allowfullscreen><\/iframe><\/p>\n<p>&nbsp;<\/p>\n<p>&nbsp;<\/p>\n<p><img loading=\"lazy\" decoding=\"async\" class=\"alignnone size-large wp-image-14441\" src=\"https:\/\/vocesparalelas.com.ar\/sitio\/wp-content\/uploads\/2018\/08\/UNSJ-EIDFS001-800x574.jpg\" alt=\"\" width=\"800\" height=\"574\" srcset=\"https:\/\/vocesparalelas.com.ar\/sitio\/wp-content\/uploads\/2018\/08\/UNSJ-EIDFS001-800x574.jpg 800w, https:\/\/vocesparalelas.com.ar\/sitio\/wp-content\/uploads\/2018\/08\/UNSJ-EIDFS001-300x215.jpg 300w, https:\/\/vocesparalelas.com.ar\/sitio\/wp-content\/uploads\/2018\/08\/UNSJ-EIDFS001-768x551.jpg 768w, https:\/\/vocesparalelas.com.ar\/sitio\/wp-content\/uploads\/2018\/08\/UNSJ-EIDFS001.jpg 1000w\" sizes=\"auto, (max-width: 800px) 100vw, 800px\" \/><img loading=\"lazy\" decoding=\"async\" class=\"alignnone size-full wp-image-54097\" src=\"https:\/\/vocesparalelas.com.ar\/sitio\/wp-content\/uploads\/2022\/11\/UNSJ-EDIFICIO.jpg\" alt=\"\" width=\"800\" height=\"600\" srcset=\"https:\/\/vocesparalelas.com.ar\/sitio\/wp-content\/uploads\/2022\/11\/UNSJ-EDIFICIO.jpg 800w, https:\/\/vocesparalelas.com.ar\/sitio\/wp-content\/uploads\/2022\/11\/UNSJ-EDIFICIO-300x225.jpg 300w, https:\/\/vocesparalelas.com.ar\/sitio\/wp-content\/uploads\/2022\/11\/UNSJ-EDIFICIO-768x576.jpg 768w\" sizes=\"auto, (max-width: 800px) 100vw, 800px\" \/><\/p>\n<p>&nbsp;<\/p>\n<p>&nbsp;<\/p>\n<p>&nbsp;<\/p>\n<p>&nbsp;<\/p>\n","protected":false},"excerpt":{"rendered":"<p>El Instituto Preuniversitario de la Universidad Nacional de San Juan Escuela Industrial Domingo Faustino Sarmiento por un evento muy emotivo<\/p>\n","protected":false},"author":3,"featured_media":76553,"comment_status":"closed","ping_status":"closed","sticky":false,"template":"","format":"standard","meta":{"_acf_changed":false,"_seopress_robots_primary_cat":"none","_seopress_titles_title":"","_seopress_titles_desc":"","_seopress_robots_index":"","colormag_page_container_layout":"default_layout","colormag_page_sidebar_layout":"default_layout","footnotes":""},"categories":[5,7],"tags":[],"class_list":["post-76550","post","type-post","status-publish","format-standard","has-post-thumbnail","hentry","category-ofrecimientos","category-videos"],"acf":[],"_links":{"self":[{"href":"https:\/\/vocesparalelas.com.ar\/sitio\/wp-json\/wp\/v2\/posts\/76550","targetHints":{"allow":["GET"]}}],"collection":[{"href":"https:\/\/vocesparalelas.com.ar\/sitio\/wp-json\/wp\/v2\/posts"}],"about":[{"href":"https:\/\/vocesparalelas.com.ar\/sitio\/wp-json\/wp\/v2\/types\/post"}],"author":[{"embeddable":true,"href":"https:\/\/vocesparalelas.com.ar\/sitio\/wp-json\/wp\/v2\/users\/3"}],"replies":[{"embeddable":true,"href":"https:\/\/vocesparalelas.com.ar\/sitio\/wp-json\/wp\/v2\/comments?post=76550"}],"version-history":[{"count":1,"href":"https:\/\/vocesparalelas.com.ar\/sitio\/wp-json\/wp\/v2\/posts\/76550\/revisions"}],"predecessor-version":[{"id":76554,"href":"https:\/\/vocesparalelas.com.ar\/sitio\/wp-json\/wp\/v2\/posts\/76550\/revisions\/76554"}],"wp:featuredmedia":[{"embeddable":true,"href":"https:\/\/vocesparalelas.com.ar\/sitio\/wp-json\/wp\/v2\/media\/76553"}],"wp:attachment":[{"href":"https:\/\/vocesparalelas.com.ar\/sitio\/wp-json\/wp\/v2\/media?parent=76550"}],"wp:term":[{"taxonomy":"category","embeddable":true,"href":"https:\/\/vocesparalelas.com.ar\/sitio\/wp-json\/wp\/v2\/categories?post=76550"},{"taxonomy":"post_tag","embeddable":true,"href":"https:\/\/vocesparalelas.com.ar\/sitio\/wp-json\/wp\/v2\/tags?post=76550"}],"curies":[{"name":"wp","href":"https:\/\/api.w.org\/{rel}","templated":true}]}}