{"id":76538,"date":"2024-09-04T22:32:10","date_gmt":"2024-09-05T01:32:10","guid":{"rendered":"https:\/\/vocesparalelas.com.ar\/sitio\/?p=76538"},"modified":"2024-09-15T19:54:31","modified_gmt":"2024-09-15T22:54:31","slug":"carrera-urbana-la-industrial-corre-de-la-eidfs-de-la-unsj","status":"publish","type":"post","link":"https:\/\/vocesparalelas.com.ar\/sitio\/carrera-urbana-la-industrial-corre-de-la-eidfs-de-la-unsj\/","title":{"rendered":"Carrera Urbana \u00abLa Industrial Corre\u00bb de la EIDFS de la UNSJ"},"content":{"rendered":"<p>El Instituto Preuniversitario de la Universidad Nacional de San Juan Escuela Industrial Domingo Faustino Sarmiento organiza e invita a la comunidad de San Juan a participar de la carrera urbana \u00abLa Industrial Corre\u00bb, una jornada de energ\u00eda y de amistad destinada a los alumnos, docentes, familia y el que desee sumarse a la unidad el Domingo, 15 de Septiembre, a las 10 hs.; en la Municipalidad de la Ciudad Capital.<\/p>\n<p><strong><span style=\"color: #0000ff;\">Inscripci\u00f3n<\/span><\/strong><\/p>\n<ul>\n<li>Escanea el c\u00f3digo QR<\/li>\n<\/ul>\n<p><img loading=\"lazy\" decoding=\"async\" class=\"alignnone size-full wp-image-76543\" src=\"https:\/\/vocesparalelas.com.ar\/sitio\/wp-content\/uploads\/2024\/09\/EIDFS-UNSJ-CARRERA-02.jpg\" alt=\"\" width=\"800\" height=\"600\" srcset=\"https:\/\/vocesparalelas.com.ar\/sitio\/wp-content\/uploads\/2024\/09\/EIDFS-UNSJ-CARRERA-02.jpg 800w, https:\/\/vocesparalelas.com.ar\/sitio\/wp-content\/uploads\/2024\/09\/EIDFS-UNSJ-CARRERA-02-300x225.jpg 300w, https:\/\/vocesparalelas.com.ar\/sitio\/wp-content\/uploads\/2024\/09\/EIDFS-UNSJ-CARRERA-02-768x576.jpg 768w\" sizes=\"auto, (max-width: 800px) 100vw, 800px\" \/><\/p>\n<p>&nbsp;<\/p>\n<p><span style=\"color: #0000ff;\"><strong>Colaboraci\u00f3n solidaria<\/strong><\/span><\/p>\n<p>Destinada a la compra de materiales para el Departamento de Educaci\u00f3n F\u00edsica, mejorando as\u00ed las instalaciones y recursos para los estudiantes de la EIDFS de la UNSJ.<\/p>\n<ul>\n<li style=\"list-style-type: none;\"><\/li>\n<\/ul>\n<p><strong><span style=\"color: #0000ff;\">Datos de la cuenta para realizar tu colaboraci\u00f3n:<\/span><\/strong><\/p>\n<ul>\n<li>Alias: maratoneidfs<\/li>\n<li>A nombre de: JUAN MANUEL SORIA FORCADA<\/li>\n<\/ul>\n<p>Por ello, Voces Paralelas desarroll\u00f3 una entrevista period\u00edstica a uno de los coordinadores del evento, Prof. Alfredo Cortez, quien explic\u00f3 que con \u00abLa Industrial Corre\u00bb, se organiz\u00f3 en el Marco de los homenajes a Domingo Faustino Sarmiento fundador de la EIDFS de la UNSJ.<\/p>\n<p><iframe loading=\"lazy\" title=\"EIDFS UNSJ MARAT\u00d3N PROF ALFREDO CORTEZ\" width=\"800\" height=\"450\" src=\"https:\/\/www.youtube.com\/embed\/UO481skkmL4?feature=oembed\" frameborder=\"0\" allow=\"accelerometer; autoplay; clipboard-write; encrypted-media; gyroscope; picture-in-picture; web-share\" referrerpolicy=\"strict-origin-when-cross-origin\" allowfullscreen><\/iframe><\/p>\n<p>Luego, un alumno de 7\u00b0 A\u00f1o Vial de la EIDFS de la UNSJ,\u00a0 Tom\u00e1s Molina invit\u00f3 a los estudiantes de San Juan a Sumarse\u00a0 a \u00abLa Industrial Corre\u00bb.<\/p>\n<p>&nbsp;<\/p>\n<p><iframe loading=\"lazy\" title=\"EIDFS UNSJ MARAT\u00d3N ALUMNO TOMAS MOLINA\" width=\"800\" height=\"450\" src=\"https:\/\/www.youtube.com\/embed\/9t3GoYZejLY?feature=oembed\" frameborder=\"0\" allow=\"accelerometer; autoplay; clipboard-write; encrypted-media; gyroscope; picture-in-picture; web-share\" referrerpolicy=\"strict-origin-when-cross-origin\" allowfullscreen><\/iframe><\/p>\n<p>Finalmente, la Directora de la EIDFS de la UNSJ, Lic. Fernanda Rostagno, quien explic\u00f3 que es una actividad para todos aquellos que quieras unirse a la actividad f\u00edsica para compartir en familia.<\/p>\n<figure id=\"attachment_76542\" aria-describedby=\"caption-attachment-76542\" style=\"width: 800px\" class=\"wp-caption alignnone\"><img loading=\"lazy\" decoding=\"async\" class=\"size-full wp-image-76542\" src=\"https:\/\/vocesparalelas.com.ar\/sitio\/wp-content\/uploads\/2024\/09\/EIDFS-UNSJ-DIRECTORA-FERNANDA.jpg\" alt=\"\" width=\"800\" height=\"533\" srcset=\"https:\/\/vocesparalelas.com.ar\/sitio\/wp-content\/uploads\/2024\/09\/EIDFS-UNSJ-DIRECTORA-FERNANDA.jpg 800w, https:\/\/vocesparalelas.com.ar\/sitio\/wp-content\/uploads\/2024\/09\/EIDFS-UNSJ-DIRECTORA-FERNANDA-300x200.jpg 300w, https:\/\/vocesparalelas.com.ar\/sitio\/wp-content\/uploads\/2024\/09\/EIDFS-UNSJ-DIRECTORA-FERNANDA-768x512.jpg 768w\" sizes=\"auto, (max-width: 800px) 100vw, 800px\" \/><figcaption id=\"caption-attachment-76542\" class=\"wp-caption-text\">Directora de la EIDFS de la UNSJ, Lic. Fernanda Rostagno<\/figcaption><\/figure>\n<p>&nbsp;<\/p>\n<p><iframe loading=\"lazy\" title=\"EIDFS UNSJ MARAT\u00d3N DIRECTORA LIC FERNANDA ROSTAGNO\" width=\"800\" height=\"450\" src=\"https:\/\/www.youtube.com\/embed\/ZN0P4r9lLJ4?feature=oembed\" frameborder=\"0\" allow=\"accelerometer; autoplay; clipboard-write; encrypted-media; gyroscope; picture-in-picture; web-share\" referrerpolicy=\"strict-origin-when-cross-origin\" allowfullscreen><\/iframe><\/p>\n<p>&nbsp;<\/p>\n<p><img loading=\"lazy\" decoding=\"async\" class=\"alignnone size-full wp-image-39108\" src=\"https:\/\/vocesparalelas.com.ar\/sitio\/wp-content\/uploads\/2021\/06\/EIDFS.jpg\" alt=\"\" width=\"800\" height=\"600\" srcset=\"https:\/\/vocesparalelas.com.ar\/sitio\/wp-content\/uploads\/2021\/06\/EIDFS.jpg 800w, https:\/\/vocesparalelas.com.ar\/sitio\/wp-content\/uploads\/2021\/06\/EIDFS-300x225.jpg 300w, https:\/\/vocesparalelas.com.ar\/sitio\/wp-content\/uploads\/2021\/06\/EIDFS-768x576.jpg 768w\" sizes=\"auto, (max-width: 800px) 100vw, 800px\" \/><\/p>\n","protected":false},"excerpt":{"rendered":"<p>El Instituto Preuniversitario de la Universidad Nacional de San Juan Escuela Industrial Domingo Faustino Sarmiento organiza e invita a la<\/p>\n","protected":false},"author":3,"featured_media":76541,"comment_status":"closed","ping_status":"closed","sticky":false,"template":"","format":"standard","meta":{"_acf_changed":false,"_seopress_robots_primary_cat":"none","_seopress_titles_title":"","_seopress_titles_desc":"","_seopress_robots_index":"","colormag_page_container_layout":"default_layout","colormag_page_sidebar_layout":"default_layout","footnotes":""},"categories":[1,7],"tags":[],"class_list":["post-76538","post","type-post","status-publish","format-standard","has-post-thumbnail","hentry","category-destacadas","category-videos"],"acf":[],"_links":{"self":[{"href":"https:\/\/vocesparalelas.com.ar\/sitio\/wp-json\/wp\/v2\/posts\/76538","targetHints":{"allow":["GET"]}}],"collection":[{"href":"https:\/\/vocesparalelas.com.ar\/sitio\/wp-json\/wp\/v2\/posts"}],"about":[{"href":"https:\/\/vocesparalelas.com.ar\/sitio\/wp-json\/wp\/v2\/types\/post"}],"author":[{"embeddable":true,"href":"https:\/\/vocesparalelas.com.ar\/sitio\/wp-json\/wp\/v2\/users\/3"}],"replies":[{"embeddable":true,"href":"https:\/\/vocesparalelas.com.ar\/sitio\/wp-json\/wp\/v2\/comments?post=76538"}],"version-history":[{"count":1,"href":"https:\/\/vocesparalelas.com.ar\/sitio\/wp-json\/wp\/v2\/posts\/76538\/revisions"}],"predecessor-version":[{"id":76544,"href":"https:\/\/vocesparalelas.com.ar\/sitio\/wp-json\/wp\/v2\/posts\/76538\/revisions\/76544"}],"wp:featuredmedia":[{"embeddable":true,"href":"https:\/\/vocesparalelas.com.ar\/sitio\/wp-json\/wp\/v2\/media\/76541"}],"wp:attachment":[{"href":"https:\/\/vocesparalelas.com.ar\/sitio\/wp-json\/wp\/v2\/media?parent=76538"}],"wp:term":[{"taxonomy":"category","embeddable":true,"href":"https:\/\/vocesparalelas.com.ar\/sitio\/wp-json\/wp\/v2\/categories?post=76538"},{"taxonomy":"post_tag","embeddable":true,"href":"https:\/\/vocesparalelas.com.ar\/sitio\/wp-json\/wp\/v2\/tags?post=76538"}],"curies":[{"name":"wp","href":"https:\/\/api.w.org\/{rel}","templated":true}]}}