{"id":76532,"date":"2024-09-04T21:56:56","date_gmt":"2024-09-05T00:56:56","guid":{"rendered":"https:\/\/vocesparalelas.com.ar\/sitio\/?p=76532"},"modified":"2024-09-06T00:20:56","modified_gmt":"2024-09-06T03:20:56","slug":"se-desarrollan-los-congresos-hacia-nuevos-horizontes-desafios-de-la-ingenieria-e-ingeniavoz-en-la-fi-de-la-unsj","status":"publish","type":"post","link":"https:\/\/vocesparalelas.com.ar\/sitio\/se-desarrollan-los-congresos-hacia-nuevos-horizontes-desafios-de-la-ingenieria-e-ingeniavoz-en-la-fi-de-la-unsj\/","title":{"rendered":"Se desarrollan los Congresos \u00abHacia Nuevos Horizontes: Desaf\u00edos de la Ingenier\u00eda\u00bb e \u00abIngeniaVoz\u00bb en la FI de la UNSJ"},"content":{"rendered":"<p>El 4; 5 y 6 de Septiembre de 2024, en la Provincia de San Juan, Rep\u00fablica Argentina, bajo el lema \u00abHacia Nuevos Horizontes: Desaf\u00edos de la Ingenier\u00eda\u00bb, se desarrolla el 7\u00b0 Congreso Argentino de Ingenier\u00eda \u2013 CADI \u2013 y el 13\u00b0 Congreso Argentino de Ense\u00f1anza de Ingenier\u00eda \u2013 CAEDI.<\/p>\n<p>Adem\u00e1s, en esta edici\u00f3n, por primera vez, presentan \u00abIngeniaVoz\u00bb, un espacio dise\u00f1ado especialmente para estudiantes de Ingenier\u00eda. La voz de los\/as estudiantes se vuelve protagonista, permiti\u00e9ndoles mostrar qui\u00e9nes son, qu\u00e9 es relevante para ellos\/as y qu\u00e9 los\/as apasiona a trav\u00e9s de presentaciones orales breves, estructuradas y din\u00e1micas.<\/p>\n<p>En el acto de apertura, en el Auditorio Eloy Camus, se inici\u00f3 con la entrada de la Bandera Argentina portada por su abanderado de la FI de la UNSJ, Juan Ignacio Sebasti\u00e1n y acompa\u00f1ada por sus escoltas Juan Rafael Zizzi y Nicol\u00e1s Flores. Posteriormente, se enton\u00f3 el Himno Nacional Argentino.<\/p>\n<p><iframe loading=\"lazy\" title=\"FI UNSJ HIMNO NACIONAL ARGENTINO\" width=\"800\" height=\"450\" src=\"https:\/\/www.youtube.com\/embed\/rZ_sksgWHxg?feature=oembed\" frameborder=\"0\" allow=\"accelerometer; autoplay; clipboard-write; encrypted-media; gyroscope; picture-in-picture; web-share\" referrerpolicy=\"strict-origin-when-cross-origin\" allowfullscreen><\/iframe><\/p>\n<p>A continuaci\u00f3n, se conform\u00f3 la mesa acad\u00e9mica constituida por la la vicedecana de la FI de la UNSJ, Dra. Andrea D\u00edaz, el decano de la FI de la UNSJ, Ing. Mario Fern\u00e1ndez, el rector de la UNSJ, Ing. Tadeo Berenguer, la presidenta del Consejo Federal de Decanos de Ingenier\u00eda, Ing. Ana del Valle S\u00e1nchez y el secretario general de la instituci\u00f3n, Ing. Augusto Roggio.<\/p>\n<p>Fue entonces el inicio de las voces acad\u00e9micas como la presidenta del Consejo Federal de Decanos de Ingenier\u00eda, Ing. Ana del Valle S\u00e1nchez agradeci\u00f3 la organizaci\u00f3n del congreso, a cargo de la UNSJ y puso de relieve la importancia de los temas a desarrollar.<\/p>\n<p><iframe loading=\"lazy\" title=\"FI UNSJ ING ANA DEL VALLE S\u00c1NCHEZ\" width=\"800\" height=\"450\" src=\"https:\/\/www.youtube.com\/embed\/BX6pF1OMiwQ?feature=oembed\" frameborder=\"0\" allow=\"accelerometer; autoplay; clipboard-write; encrypted-media; gyroscope; picture-in-picture; web-share\" referrerpolicy=\"strict-origin-when-cross-origin\" allowfullscreen><\/iframe><\/p>\n<p>Otra voz como anfitri\u00f3n fue el decano de la FI de la UNSJ, Ing. Mario Fern\u00e1ndez, quien agradeci\u00f3 la elecci\u00f3n de desarrollar los congresos en San Juan.<\/p>\n<p><iframe loading=\"lazy\" title=\"FI UNSJ DECANO ING MARIO FERN\u00c1NDEZ\" width=\"800\" height=\"450\" src=\"https:\/\/www.youtube.com\/embed\/-Qn6PMnexbc?feature=oembed\" frameborder=\"0\" allow=\"accelerometer; autoplay; clipboard-write; encrypted-media; gyroscope; picture-in-picture; web-share\" referrerpolicy=\"strict-origin-when-cross-origin\" allowfullscreen><\/iframe><\/p>\n<p>Finaliz\u00f3 los discursos, el rector de la UNSJ, Ing. Tadeo Berenguer quien ponder\u00f3 que \u201cla ingenier\u00eda juega hoy como nunca un papel especial en el convivir de las sociedades del mundo, precisamente hoy, cuando decenas de riesgos y peligros amenazan seriamente los valores fundamentales del humanismo, la cultura y la convivencia democr\u00e1tica. En este contexto, la ingenier\u00eda representa una respuesta \u00fatil para afrontar los problemas del crecimiento, el medio ambiente y la paz\u201d.<\/p>\n<p><iframe loading=\"lazy\" title=\"FI UNSJ RECTOR ING TADEO BERENGUER\" width=\"800\" height=\"450\" src=\"https:\/\/www.youtube.com\/embed\/Zv1lOA_wk6M?feature=oembed\" frameborder=\"0\" allow=\"accelerometer; autoplay; clipboard-write; encrypted-media; gyroscope; picture-in-picture; web-share\" referrerpolicy=\"strict-origin-when-cross-origin\" allowfullscreen><\/iframe><\/p>\n<p>&nbsp;<\/p>\n<p><img loading=\"lazy\" decoding=\"async\" class=\"alignnone size-full wp-image-76535\" src=\"https:\/\/vocesparalelas.com.ar\/sitio\/wp-content\/uploads\/2024\/09\/FI-UNSJ-CONGRESO-02.jpg\" alt=\"\" width=\"800\" height=\"533\" srcset=\"https:\/\/vocesparalelas.com.ar\/sitio\/wp-content\/uploads\/2024\/09\/FI-UNSJ-CONGRESO-02.jpg 800w, https:\/\/vocesparalelas.com.ar\/sitio\/wp-content\/uploads\/2024\/09\/FI-UNSJ-CONGRESO-02-300x200.jpg 300w, https:\/\/vocesparalelas.com.ar\/sitio\/wp-content\/uploads\/2024\/09\/FI-UNSJ-CONGRESO-02-768x512.jpg 768w\" sizes=\"auto, (max-width: 800px) 100vw, 800px\" \/><\/p>\n<p>&nbsp;<\/p>\n<p><img loading=\"lazy\" decoding=\"async\" class=\"alignnone size-full wp-image-76536\" src=\"https:\/\/vocesparalelas.com.ar\/sitio\/wp-content\/uploads\/2024\/09\/FI-UNSJ-CONGRESO-01.jpg\" alt=\"\" width=\"800\" height=\"533\" srcset=\"https:\/\/vocesparalelas.com.ar\/sitio\/wp-content\/uploads\/2024\/09\/FI-UNSJ-CONGRESO-01.jpg 800w, https:\/\/vocesparalelas.com.ar\/sitio\/wp-content\/uploads\/2024\/09\/FI-UNSJ-CONGRESO-01-300x200.jpg 300w, https:\/\/vocesparalelas.com.ar\/sitio\/wp-content\/uploads\/2024\/09\/FI-UNSJ-CONGRESO-01-768x512.jpg 768w\" sizes=\"auto, (max-width: 800px) 100vw, 800px\" \/><\/p>\n<p>&nbsp;<\/p>\n<p><span style=\"color: #ff6600;\"><strong>Programa<\/strong><\/span><\/p>\n<p><a href=\"https:\/\/cadicaedi.fi.unsj.edu.ar\/cronograma-cadi-caedi\/\">https:\/\/cadicaedi.fi.unsj.edu.ar\/cronograma-cadi-caedi\/<\/a><\/p>\n<p><img loading=\"lazy\" decoding=\"async\" class=\"alignnone size-full wp-image-60280\" src=\"https:\/\/vocesparalelas.com.ar\/sitio\/wp-content\/uploads\/2023\/06\/FI-UNSJ-FRENTE.jpg\" alt=\"\" width=\"800\" height=\"600\" srcset=\"https:\/\/vocesparalelas.com.ar\/sitio\/wp-content\/uploads\/2023\/06\/FI-UNSJ-FRENTE.jpg 800w, https:\/\/vocesparalelas.com.ar\/sitio\/wp-content\/uploads\/2023\/06\/FI-UNSJ-FRENTE-300x225.jpg 300w, https:\/\/vocesparalelas.com.ar\/sitio\/wp-content\/uploads\/2023\/06\/FI-UNSJ-FRENTE-768x576.jpg 768w\" sizes=\"auto, (max-width: 800px) 100vw, 800px\" \/><\/p>\n","protected":false},"excerpt":{"rendered":"<p>El 4; 5 y 6 de Septiembre de 2024, en la Provincia de San Juan, Rep\u00fablica Argentina, bajo el lema<\/p>\n","protected":false},"author":3,"featured_media":76535,"comment_status":"closed","ping_status":"closed","sticky":false,"template":"","format":"standard","meta":{"_acf_changed":false,"_seopress_robots_primary_cat":"none","_seopress_titles_title":"","_seopress_titles_desc":"","_seopress_robots_index":"","colormag_page_container_layout":"default_layout","colormag_page_sidebar_layout":"default_layout","footnotes":""},"categories":[15,7],"tags":[],"class_list":["post-76532","post","type-post","status-publish","format-standard","has-post-thumbnail","hentry","category-posgrados","category-videos"],"acf":[],"_links":{"self":[{"href":"https:\/\/vocesparalelas.com.ar\/sitio\/wp-json\/wp\/v2\/posts\/76532","targetHints":{"allow":["GET"]}}],"collection":[{"href":"https:\/\/vocesparalelas.com.ar\/sitio\/wp-json\/wp\/v2\/posts"}],"about":[{"href":"https:\/\/vocesparalelas.com.ar\/sitio\/wp-json\/wp\/v2\/types\/post"}],"author":[{"embeddable":true,"href":"https:\/\/vocesparalelas.com.ar\/sitio\/wp-json\/wp\/v2\/users\/3"}],"replies":[{"embeddable":true,"href":"https:\/\/vocesparalelas.com.ar\/sitio\/wp-json\/wp\/v2\/comments?post=76532"}],"version-history":[{"count":1,"href":"https:\/\/vocesparalelas.com.ar\/sitio\/wp-json\/wp\/v2\/posts\/76532\/revisions"}],"predecessor-version":[{"id":76537,"href":"https:\/\/vocesparalelas.com.ar\/sitio\/wp-json\/wp\/v2\/posts\/76532\/revisions\/76537"}],"wp:featuredmedia":[{"embeddable":true,"href":"https:\/\/vocesparalelas.com.ar\/sitio\/wp-json\/wp\/v2\/media\/76535"}],"wp:attachment":[{"href":"https:\/\/vocesparalelas.com.ar\/sitio\/wp-json\/wp\/v2\/media?parent=76532"}],"wp:term":[{"taxonomy":"category","embeddable":true,"href":"https:\/\/vocesparalelas.com.ar\/sitio\/wp-json\/wp\/v2\/categories?post=76532"},{"taxonomy":"post_tag","embeddable":true,"href":"https:\/\/vocesparalelas.com.ar\/sitio\/wp-json\/wp\/v2\/tags?post=76532"}],"curies":[{"name":"wp","href":"https:\/\/api.w.org\/{rel}","templated":true}]}}