{"id":76516,"date":"2024-09-02T23:06:35","date_gmt":"2024-09-03T02:06:35","guid":{"rendered":"https:\/\/vocesparalelas.com.ar\/sitio\/?p=76516"},"modified":"2024-09-04T22:23:18","modified_gmt":"2024-09-05T01:23:18","slug":"comienzan-los-congresos-hacia-nuevos-horizontes-desafios-de-la-ingenieria-e-ingeniavoz-en-la-fi-de-la-unsj","status":"publish","type":"post","link":"https:\/\/vocesparalelas.com.ar\/sitio\/comienzan-los-congresos-hacia-nuevos-horizontes-desafios-de-la-ingenieria-e-ingeniavoz-en-la-fi-de-la-unsj\/","title":{"rendered":"Comienzan los Congresos \u00abHacia Nuevos Horizontes: Desaf\u00edos de la Ingenier\u00eda\u00bb e \u00abIngeniaVoz\u00bb en la FI de la UNSJ"},"content":{"rendered":"<p>El 7\u00b0 Congreso Argentino de Ingenier\u00eda \u2013 CADI \u2013 y el 13\u00b0 Congreso Argentino de Ense\u00f1anza de Ingenier\u00eda \u2013 CAEDI \u2013 se realizan el 4; 5 y 6 de Septiembre de 2024, en la Provincia de San Juan, Rep\u00fablica Argentina, bajo el lema \u00abHacia Nuevos Horizontes: Desaf\u00edos de la Ingenier\u00eda\u00bb.<\/p>\n<p>El CADI y el CAEDI son una propuesta conjunta del Consejo Federal de Decanas y Decanos de Ingenier\u00eda \u2013 CONFEDI \u2013 y una de las reuniones cient\u00edficas m\u00e1s importantes de la Rep\u00fablica Argentina. Su prop\u00f3sito es favorecer el intercambio acad\u00e9mico de m\u00e1s alto nivel, la difusi\u00f3n de conocimientos y el entrecruzamiento de experiencias entre docentes, investigadores, estudiantes y profesionales, para fortalecer la construcci\u00f3n conjunta de saberes que respondan a las necesidades de la regi\u00f3n.<\/p>\n<p>\u00abHacia Nuevos Horizontes: Desaf\u00edos de la Ingenier\u00eda\u00bb, invita a mirar de cara al futuro, explorando nuevos \u00e1mbitos de desarrollo de la profesi\u00f3n. A trav\u00e9s de estas iniciativas, universidades, empresas y sector p\u00fablico trabajan mancomunadamente por una ingenier\u00eda al servicio de una sociedad mejor y m\u00e1s inclusiva, que despierte vocaciones en la juventud para el desarrollo del pa\u00eds y la reconstrucci\u00f3n del tejido econ\u00f3mico y social.<\/p>\n<p>En esta edici\u00f3n, por primera vez, presentan \u00abIngeniaVoz\u00bb, un espacio dise\u00f1ado especialmente para estudiantes de Ingenier\u00eda. La voz de los\/as estudiantes se vuelve protagonista, permiti\u00e9ndoles mostrar qui\u00e9nes son, qu\u00e9 es relevante para ellos\/as y qu\u00e9 los\/as apasiona a trav\u00e9s de presentaciones orales breves, estructuradas y din\u00e1micas.<\/p>\n<p>Los dos Congresos se desarrollan en la Facultad de Ingenier\u00eda de la Universidad Nacional de San Juan, que se convierte en anfitriona de tan importantes participantes.<\/p>\n<p><span style=\"color: #ff6600;\"><strong>Programa<\/strong><\/span><\/p>\n<p><a href=\"https:\/\/cadicaedi.fi.unsj.edu.ar\/cronograma-cadi-caedi\/\">https:\/\/cadicaedi.fi.unsj.edu.ar\/cronograma-cadi-caedi\/<\/a><\/p>\n<p>&nbsp;<\/p>\n<blockquote class=\"wp-embedded-content\" data-secret=\"mVodTKBof9\"><p><a href=\"https:\/\/vocesparalelas.com.ar\/sitio\/congresos-hacia-nuevos-horizontes-desafios-de-la-ingenieria-e-ingeniavoz-en-la-fi-de-la-unsj\/\">Congresos \u00abHacia Nuevos Horizontes: Desaf\u00edos de la Ingenier\u00eda\u00bb e \u00abIngeniaVoz\u00bb en la FI de la UNSJ<\/a><\/p><\/blockquote>\n<p><iframe loading=\"lazy\" class=\"wp-embedded-content\" sandbox=\"allow-scripts\" security=\"restricted\" style=\"position: absolute; visibility: hidden;\" title=\"\u00abCongresos \u00abHacia Nuevos Horizontes: Desaf\u00edos de la Ingenier\u00eda\u00bb e \u00abIngeniaVoz\u00bb en la FI de la UNSJ\u00bb \u2014 Voces Paralelas\" src=\"https:\/\/vocesparalelas.com.ar\/sitio\/congresos-hacia-nuevos-horizontes-desafios-de-la-ingenieria-e-ingeniavoz-en-la-fi-de-la-unsj\/embed\/#?secret=LpiDS2Lixs#?secret=mVodTKBof9\" data-secret=\"mVodTKBof9\" width=\"600\" height=\"338\" frameborder=\"0\" marginwidth=\"0\" marginheight=\"0\" scrolling=\"no\"><\/iframe><\/p>\n<p>&nbsp;<\/p>\n<p><img loading=\"lazy\" decoding=\"async\" class=\"alignnone size-full wp-image-27222\" src=\"https:\/\/vocesparalelas.com.ar\/sitio\/wp-content\/uploads\/2020\/03\/FI-UNSJ-FRENTE-ACTUAL.jpg\" alt=\"\" width=\"800\" height=\"600\" srcset=\"https:\/\/vocesparalelas.com.ar\/sitio\/wp-content\/uploads\/2020\/03\/FI-UNSJ-FRENTE-ACTUAL.jpg 800w, https:\/\/vocesparalelas.com.ar\/sitio\/wp-content\/uploads\/2020\/03\/FI-UNSJ-FRENTE-ACTUAL-300x225.jpg 300w, https:\/\/vocesparalelas.com.ar\/sitio\/wp-content\/uploads\/2020\/03\/FI-UNSJ-FRENTE-ACTUAL-768x576.jpg 768w\" sizes=\"auto, (max-width: 800px) 100vw, 800px\" \/><\/p>\n","protected":false},"excerpt":{"rendered":"<p>El 7\u00b0 Congreso Argentino de Ingenier\u00eda \u2013 CADI \u2013 y el 13\u00b0 Congreso Argentino de Ense\u00f1anza de Ingenier\u00eda \u2013 CAEDI<\/p>\n","protected":false},"author":3,"featured_media":60280,"comment_status":"closed","ping_status":"closed","sticky":false,"template":"","format":"standard","meta":{"_acf_changed":false,"_seopress_robots_primary_cat":"none","_seopress_titles_title":"","_seopress_titles_desc":"","_seopress_robots_index":"","colormag_page_container_layout":"default_layout","colormag_page_sidebar_layout":"default_layout","footnotes":""},"categories":[1],"tags":[],"class_list":["post-76516","post","type-post","status-publish","format-standard","has-post-thumbnail","hentry","category-destacadas"],"acf":[],"_links":{"self":[{"href":"https:\/\/vocesparalelas.com.ar\/sitio\/wp-json\/wp\/v2\/posts\/76516","targetHints":{"allow":["GET"]}}],"collection":[{"href":"https:\/\/vocesparalelas.com.ar\/sitio\/wp-json\/wp\/v2\/posts"}],"about":[{"href":"https:\/\/vocesparalelas.com.ar\/sitio\/wp-json\/wp\/v2\/types\/post"}],"author":[{"embeddable":true,"href":"https:\/\/vocesparalelas.com.ar\/sitio\/wp-json\/wp\/v2\/users\/3"}],"replies":[{"embeddable":true,"href":"https:\/\/vocesparalelas.com.ar\/sitio\/wp-json\/wp\/v2\/comments?post=76516"}],"version-history":[{"count":1,"href":"https:\/\/vocesparalelas.com.ar\/sitio\/wp-json\/wp\/v2\/posts\/76516\/revisions"}],"predecessor-version":[{"id":76519,"href":"https:\/\/vocesparalelas.com.ar\/sitio\/wp-json\/wp\/v2\/posts\/76516\/revisions\/76519"}],"wp:featuredmedia":[{"embeddable":true,"href":"https:\/\/vocesparalelas.com.ar\/sitio\/wp-json\/wp\/v2\/media\/60280"}],"wp:attachment":[{"href":"https:\/\/vocesparalelas.com.ar\/sitio\/wp-json\/wp\/v2\/media?parent=76516"}],"wp:term":[{"taxonomy":"category","embeddable":true,"href":"https:\/\/vocesparalelas.com.ar\/sitio\/wp-json\/wp\/v2\/categories?post=76516"},{"taxonomy":"post_tag","embeddable":true,"href":"https:\/\/vocesparalelas.com.ar\/sitio\/wp-json\/wp\/v2\/tags?post=76516"}],"curies":[{"name":"wp","href":"https:\/\/api.w.org\/{rel}","templated":true}]}}