{"id":76474,"date":"2024-09-07T12:48:31","date_gmt":"2024-09-07T15:48:31","guid":{"rendered":"https:\/\/vocesparalelas.com.ar\/sitio\/?p=76474"},"modified":"2024-09-08T01:15:08","modified_gmt":"2024-09-08T04:15:08","slug":"la-pena-del-anchi-en-el-centro-ambiental-anchipurac-de-san-juan","status":"publish","type":"post","link":"https:\/\/vocesparalelas.com.ar\/sitio\/la-pena-del-anchi-en-el-centro-ambiental-anchipurac-de-san-juan\/","title":{"rendered":"\u00abLa Pe\u00f1a del Anchi\u00bb en el Centro Ambiental Anchipurac de San Juan"},"content":{"rendered":"<p>El Domingo, 8 de Septiembre, a las 12:30 hs.; en el Centro Ambiental Anchipurac de San Juan, Departamento Rivadavia se desarrolla \u00abLa Pe\u00f1a del Anchi\u00bb. La entrada es libre y gratuita.<\/p>\n<p>La actividad es para conocer el Centro Ambiental Anchipurac y tomar conciencia de la necesidad de cuidar el ambiente. La entrada es libre y gratuita pero debes llevar botellas de pl\u00e1stico limpias y secas para poder participar del sorteos.<\/p>\n<p>Adem\u00e1s, patio de comidas, artesanos, eco emprendedores, Juegos ecol\u00f3gicos para ni\u00f1os,<\/p>\n<p><strong><span style=\"color: #008080;\">Banda en vivo<\/span><\/strong><\/p>\n<ul>\n<li>La Nota FolckFusi\u00f3n<\/li>\n<li>Tres para Cuyo<\/li>\n<li>Los Luceros de Jachal<\/li>\n<li>Juanchi Gonz\u00e1lez<\/li>\n<li>D\u00fao Sierra Maestra<\/li>\n<li>Carolina<\/li>\n<li>Academias de Danzas<\/li>\n<li>y mucho m\u00e1s<\/li>\n<\/ul>\n<p><strong><span style=\"color: #339966;\">Organizan<\/span><\/strong><\/p>\n<ul>\n<li>Rivadavia: Ciudad<\/li>\n<li>San Juan Gobierno<\/li>\n<li>Secretar\u00eda de Ambiente y Desarrollo Sustentable<\/li>\n<li>Direcci\u00f3n de Centro de Formaci\u00f3n Ambiental Anchipurac<\/li>\n<\/ul>\n<p><img loading=\"lazy\" decoding=\"async\" class=\"alignnone size-full wp-image-40689\" src=\"https:\/\/vocesparalelas.com.ar\/sitio\/wp-content\/uploads\/2021\/08\/Anchipurac-nueva.jpg\" alt=\"\" width=\"782\" height=\"439\" srcset=\"https:\/\/vocesparalelas.com.ar\/sitio\/wp-content\/uploads\/2021\/08\/Anchipurac-nueva.jpg 782w, https:\/\/vocesparalelas.com.ar\/sitio\/wp-content\/uploads\/2021\/08\/Anchipurac-nueva-300x168.jpg 300w, https:\/\/vocesparalelas.com.ar\/sitio\/wp-content\/uploads\/2021\/08\/Anchipurac-nueva-768x431.jpg 768w\" sizes=\"auto, (max-width: 782px) 100vw, 782px\" \/><\/p>\n","protected":false},"excerpt":{"rendered":"<p>El Domingo, 8 de Septiembre, a las 12:30 hs.; en el Centro Ambiental Anchipurac de San Juan, Departamento Rivadavia se<\/p>\n","protected":false},"author":3,"featured_media":75669,"comment_status":"closed","ping_status":"closed","sticky":false,"template":"","format":"standard","meta":{"_acf_changed":false,"_seopress_robots_primary_cat":"none","_seopress_titles_title":"","_seopress_titles_desc":"","_seopress_robots_index":"","colormag_page_container_layout":"default_layout","colormag_page_sidebar_layout":"default_layout","footnotes":""},"categories":[1],"tags":[],"class_list":["post-76474","post","type-post","status-publish","format-standard","has-post-thumbnail","hentry","category-destacadas"],"acf":[],"_links":{"self":[{"href":"https:\/\/vocesparalelas.com.ar\/sitio\/wp-json\/wp\/v2\/posts\/76474","targetHints":{"allow":["GET"]}}],"collection":[{"href":"https:\/\/vocesparalelas.com.ar\/sitio\/wp-json\/wp\/v2\/posts"}],"about":[{"href":"https:\/\/vocesparalelas.com.ar\/sitio\/wp-json\/wp\/v2\/types\/post"}],"author":[{"embeddable":true,"href":"https:\/\/vocesparalelas.com.ar\/sitio\/wp-json\/wp\/v2\/users\/3"}],"replies":[{"embeddable":true,"href":"https:\/\/vocesparalelas.com.ar\/sitio\/wp-json\/wp\/v2\/comments?post=76474"}],"version-history":[{"count":3,"href":"https:\/\/vocesparalelas.com.ar\/sitio\/wp-json\/wp\/v2\/posts\/76474\/revisions"}],"predecessor-version":[{"id":76479,"href":"https:\/\/vocesparalelas.com.ar\/sitio\/wp-json\/wp\/v2\/posts\/76474\/revisions\/76479"}],"wp:featuredmedia":[{"embeddable":true,"href":"https:\/\/vocesparalelas.com.ar\/sitio\/wp-json\/wp\/v2\/media\/75669"}],"wp:attachment":[{"href":"https:\/\/vocesparalelas.com.ar\/sitio\/wp-json\/wp\/v2\/media?parent=76474"}],"wp:term":[{"taxonomy":"category","embeddable":true,"href":"https:\/\/vocesparalelas.com.ar\/sitio\/wp-json\/wp\/v2\/categories?post=76474"},{"taxonomy":"post_tag","embeddable":true,"href":"https:\/\/vocesparalelas.com.ar\/sitio\/wp-json\/wp\/v2\/tags?post=76474"}],"curies":[{"name":"wp","href":"https:\/\/api.w.org\/{rel}","templated":true}]}}