{"id":76459,"date":"2024-09-02T22:18:41","date_gmt":"2024-09-03T01:18:41","guid":{"rendered":"https:\/\/vocesparalelas.com.ar\/sitio\/?p=76459"},"modified":"2024-09-04T00:31:56","modified_gmt":"2024-09-04T03:31:56","slug":"firma-de-convenios-para-capacitacion-desde-aulas-hibridas-a-los-interesados-de-los-departamento-alejados-de-san-juan","status":"publish","type":"post","link":"https:\/\/vocesparalelas.com.ar\/sitio\/firma-de-convenios-para-capacitacion-desde-aulas-hibridas-a-los-interesados-de-los-departamento-alejados-de-san-juan\/","title":{"rendered":"Firma de Convenios para capacitaci\u00f3n desde \u00abAulas H\u00edbridas\u00bb a los interesados de los Departamento Alejados de San Juan"},"content":{"rendered":"<p>En casa de Gobierno, se firm\u00f3 un convenio entre el Ministerio de Miner\u00eda, el Ministerio de Educaci\u00f3n, la Universidad Nacional de San Juan, la Universidad Cat\u00f3lica de Cuyo y el Gobierno de San Juan para poner en marcha el proyecto de formaci\u00f3n activa \u00abAulas H\u00edbridas\u00bb, una iniciativa con el objetivo de democratizar el acceso a la educaci\u00f3n superior y en este caso destinado a los departamentos mineros de Calingasta, J\u00e1chal, Valle F\u00e9rtil, Iglesia y Sarmiento, que pertenecen a zonas alejadas de las unidades acad\u00e9micas de las universidades de San Juan.<\/p>\n<p>Para ello, fueron firmadas por el Ministro de Miner\u00eda, Dr. Juan Pablo Perea, la Ministra de Educaci\u00f3n, Lic. Silvia Fuentes, la Rectora de la UCCUYO, Lic.\u00a0Mar\u00eda Laura Simonassi, la Vicerrectora de la UNSJ a cargo del Rectorado, Dra. Anal\u00eda Ponce y refrend\u00f3, el Gobernador de San Juan, Dr. Marcelo Orrego.<\/p>\n<p>Adem\u00e1s, firmaron un acta complementaria el Decano de la FI de la UNSJ, Ing. Mario Fern\u00e1ndez y la Decana de la Facultad de Ciencias Econ\u00f3micas y Empresariales de la UCCUYO, CPN Alejandra Segovia.<\/p>\n<p>Luego, del hist\u00f3rica firma de convenio, la Vicerrectora de la UNSJ a cargo del Rectorado, Dra. Anal\u00eda Ponce puntualiz\u00f3 la importancia de los lazos que se forman entre el conocimiento y para aquellos destinatarios que lo necesitan y que la UNSJ pone a disposici\u00f3n.<\/p>\n<p><iframe loading=\"lazy\" title=\"SAN JUAN VICERRECTORA UNSJ DRA ANALIA PONCE\" width=\"800\" height=\"450\" src=\"https:\/\/www.youtube.com\/embed\/QhVWtf04oEE?feature=oembed\" frameborder=\"0\" allow=\"accelerometer; autoplay; clipboard-write; encrypted-media; gyroscope; picture-in-picture; web-share\" referrerpolicy=\"strict-origin-when-cross-origin\" allowfullscreen><\/iframe><\/p>\n<p>Seguidamente, la Rectora de la UCCUYO, Lic. Mar\u00eda Laura Simonassi desatc\u00f3 el trabajo que realiza la Universidad para poder llegar a las zonas alejadas de San Juan.<\/p>\n<p><iframe loading=\"lazy\" title=\"SAN JUAN RECTORA UCCUYO LIC LAURA SIMONASSI\" width=\"800\" height=\"450\" src=\"https:\/\/www.youtube.com\/embed\/JHxjYdLx2GI?feature=oembed\" frameborder=\"0\" allow=\"accelerometer; autoplay; clipboard-write; encrypted-media; gyroscope; picture-in-picture; web-share\" referrerpolicy=\"strict-origin-when-cross-origin\" allowfullscreen><\/iframe><\/p>\n<p>Posteriormente, la Ministra de Educaci\u00f3n, Lic. Silvia Fuentes subray\u00f3 que el trabajo conjunto permite llegar a la gente de los departamentos Calingasta, J\u00e1chal, Valle F\u00e9rtil, Iglesia y Sarmiento que enorgullece a la gesti\u00f3n.<\/p>\n<p><iframe loading=\"lazy\" title=\"SAN JUAN MINISTRO EDUCACI\u00d3N LIC SILVIA FUENTES\" width=\"800\" height=\"450\" src=\"https:\/\/www.youtube.com\/embed\/IoBHgcMkVJk?feature=oembed\" frameborder=\"0\" allow=\"accelerometer; autoplay; clipboard-write; encrypted-media; gyroscope; picture-in-picture; web-share\" referrerpolicy=\"strict-origin-when-cross-origin\" allowfullscreen><\/iframe><\/p>\n<p>A continuaci\u00f3n, el Ministro de Miner\u00eda, Dr. Juan Pablo Perea destac\u00f3 que el proyecto de Aulas H\u00edbridas son forndos Mineros de San Juan.<\/p>\n<p><iframe loading=\"lazy\" title=\"SAN JUAN MINISTRO MINERIA DR JUAN PABLO PEREA\" width=\"800\" height=\"450\" src=\"https:\/\/www.youtube.com\/embed\/NmYPRqgVnsw?feature=oembed\" frameborder=\"0\" allow=\"accelerometer; autoplay; clipboard-write; encrypted-media; gyroscope; picture-in-picture; web-share\" referrerpolicy=\"strict-origin-when-cross-origin\" allowfullscreen><\/iframe><\/p>\n<p>Finalmente, el Gobernador de San Juan, Dr. Marcelo Orrego agradeci\u00f3 a las instituciones que trabajaron para que el proyecto \u00abAulas H\u00edbridas\u00bb se implemente al servicio de capacitar a los que necesiten y deseen proyectarse.<\/p>\n<p><iframe loading=\"lazy\" title=\"SAN JUAN GOBERNADOR DR MARCELO ORREGO\" width=\"800\" height=\"450\" src=\"https:\/\/www.youtube.com\/embed\/v5VC4tyLqss?feature=oembed\" frameborder=\"0\" allow=\"accelerometer; autoplay; clipboard-write; encrypted-media; gyroscope; picture-in-picture; web-share\" referrerpolicy=\"strict-origin-when-cross-origin\" allowfullscreen><\/iframe><\/p>\n<p>El compromiso de las instituciones es para el dictado de cuatro diplomaturas que buscan promover el desarrollo de capacidades y competencias en torno a la educaci\u00f3n mediada por tecnolog\u00edas y de las cuales formar\u00e1n parte la UNSJ y la UCCUYO. Riego presurizado en espacios verdes; Introducci\u00f3n al control y automatizaci\u00f3n industrial; Tecnolog\u00eda de la Informaci\u00f3n; Gesti\u00f3n del turismo rural sostenible, son las opciones que se pueden elegir.<\/p>\n<p>Entre los requisitos de admisi\u00f3n, ser\u00e1n fundamental acreditar el Secundario completo y los interesados no podr\u00e1n elegir m\u00e1s de una diplomatura, cada una de las cuales tendr\u00e1 una duraci\u00f3n de 13 semanas. Est\u00e1 disponible la inscripci\u00f3n para la admisi\u00f3n y el dictado iniciar\u00e1 el 16 y 17 de Septiembre.<\/p>\n<p>El proyecto Aulas H\u00edbridas es el resultado del esfuerzo conjunto entre la Facultad de Ingenier\u00eda de la Universidad Nacional de San Juan, el Sistema Institucional de Educaci\u00f3n a Distancia &#8211; SIED UNSJ -, la Facultad de Ciencias Econ\u00f3micas y Empresariales de la Universidad Cat\u00f3lica de Cuyo, el Ministerio de Educaci\u00f3n, el Ministerio de Miner\u00eda y el Gobierno de San Juan que han lanzado un innovador proyecto con el objetivo de democratizar el acceso a la educaci\u00f3n superior.<\/p>\n<p>El proyecto busca facilitar el acceso a la educaci\u00f3n mediante trayectos formativos de corto alcance, conocidos como \u201cDiplomaturas de Extensi\u00f3n mediadas por Tecnolog\u00edas\u201d. Estas diplomaturas est\u00e1n dise\u00f1adas para llegar a zonas alejadas de las unidades acad\u00e9micas de la UNSJ y UCCuyo, promoviendo el desarrollo de capacidades y competencias en educaci\u00f3n mediada por tecnolog\u00edas.<\/p>\n<p>La inversi\u00f3n realizada es de $66.000.000 de pesos, los fondos para llevar adelante este proyecto provienen de la Ley 1469 Fondo minero para el desarrollo de comunidades y por la Ley 970 -M Fondo Especial para el Desarrollo Minero.<\/p>\n<p><strong><span style=\"color: #ff6600;\">Formulario de Inscripci\u00f3n<\/span><\/strong><\/p>\n<p><a href=\"https:\/\/docs.google.com\/forms\/d\/1VErHGvWXsuja7wOxidHcSHUDtI-d8xfvL2oVIp_xB2c\/viewform?edit_requested=true\">https:\/\/docs.google.com\/forms\/d\/1VErHGvWXsuja7wOxidHcSHUDtI-d8xfvL2oVIp_xB2c\/viewform?edit_requested=true<\/a><\/p>\n<p><span style=\"color: #ff6600;\"><strong>Diplomaturas<\/strong><\/span><\/p>\n<ul>\n<li>Diplomatura en Tecnolog\u00eda de la Informaci\u00f3n<\/li>\n<li>Diplomatura en Riego Presurizado en Espacios Verdes<\/li>\n<li>Diplomatura en Introducci\u00f3n al Control y Automatizaci\u00f3n Industrial<\/li>\n<li>Diplomatura en Gesti\u00f3n del Turismo Rural Sostenible<\/li>\n<\/ul>\n<p><img loading=\"lazy\" decoding=\"async\" class=\"alignnone size-large wp-image-76472\" src=\"https:\/\/vocesparalelas.com.ar\/sitio\/wp-content\/uploads\/2024\/09\/AULAS-HIBRIDAS-02.jpg\" alt=\"\" width=\"800\" height=\"533\" srcset=\"https:\/\/vocesparalelas.com.ar\/sitio\/wp-content\/uploads\/2024\/09\/AULAS-HIBRIDAS-02.jpg 800w, https:\/\/vocesparalelas.com.ar\/sitio\/wp-content\/uploads\/2024\/09\/AULAS-HIBRIDAS-02-300x200.jpg 300w, https:\/\/vocesparalelas.com.ar\/sitio\/wp-content\/uploads\/2024\/09\/AULAS-HIBRIDAS-02-768x512.jpg 768w\" sizes=\"auto, (max-width: 800px) 100vw, 800px\" \/><\/p>\n","protected":false},"excerpt":{"rendered":"<p>En casa de Gobierno, se firm\u00f3 un convenio entre el Ministerio de Miner\u00eda, el Ministerio de Educaci\u00f3n, la Universidad Nacional<\/p>\n","protected":false},"author":3,"featured_media":76462,"comment_status":"closed","ping_status":"closed","sticky":false,"template":"","format":"standard","meta":{"_acf_changed":false,"_seopress_robots_primary_cat":"none","_seopress_titles_title":"","_seopress_titles_desc":"","_seopress_robots_index":"","colormag_page_container_layout":"default_layout","colormag_page_sidebar_layout":"default_layout","footnotes":""},"categories":[15,7],"tags":[],"class_list":["post-76459","post","type-post","status-publish","format-standard","has-post-thumbnail","hentry","category-posgrados","category-videos"],"acf":[],"_links":{"self":[{"href":"https:\/\/vocesparalelas.com.ar\/sitio\/wp-json\/wp\/v2\/posts\/76459","targetHints":{"allow":["GET"]}}],"collection":[{"href":"https:\/\/vocesparalelas.com.ar\/sitio\/wp-json\/wp\/v2\/posts"}],"about":[{"href":"https:\/\/vocesparalelas.com.ar\/sitio\/wp-json\/wp\/v2\/types\/post"}],"author":[{"embeddable":true,"href":"https:\/\/vocesparalelas.com.ar\/sitio\/wp-json\/wp\/v2\/users\/3"}],"replies":[{"embeddable":true,"href":"https:\/\/vocesparalelas.com.ar\/sitio\/wp-json\/wp\/v2\/comments?post=76459"}],"version-history":[{"count":4,"href":"https:\/\/vocesparalelas.com.ar\/sitio\/wp-json\/wp\/v2\/posts\/76459\/revisions"}],"predecessor-version":[{"id":76473,"href":"https:\/\/vocesparalelas.com.ar\/sitio\/wp-json\/wp\/v2\/posts\/76459\/revisions\/76473"}],"wp:featuredmedia":[{"embeddable":true,"href":"https:\/\/vocesparalelas.com.ar\/sitio\/wp-json\/wp\/v2\/media\/76462"}],"wp:attachment":[{"href":"https:\/\/vocesparalelas.com.ar\/sitio\/wp-json\/wp\/v2\/media?parent=76459"}],"wp:term":[{"taxonomy":"category","embeddable":true,"href":"https:\/\/vocesparalelas.com.ar\/sitio\/wp-json\/wp\/v2\/categories?post=76459"},{"taxonomy":"post_tag","embeddable":true,"href":"https:\/\/vocesparalelas.com.ar\/sitio\/wp-json\/wp\/v2\/tags?post=76459"}],"curies":[{"name":"wp","href":"https:\/\/api.w.org\/{rel}","templated":true}]}}