{"id":76454,"date":"2024-09-02T19:16:22","date_gmt":"2024-09-02T22:16:22","guid":{"rendered":"https:\/\/vocesparalelas.com.ar\/sitio\/?p=76454"},"modified":"2024-09-03T19:39:30","modified_gmt":"2024-09-03T22:39:30","slug":"no-se-cobraran-tasas-ni-derechos-de-instalacion-y-funcionamiento-a-los-inversores-que-lleguen-a-instalarse-en-rivadavia","status":"publish","type":"post","link":"https:\/\/vocesparalelas.com.ar\/sitio\/no-se-cobraran-tasas-ni-derechos-de-instalacion-y-funcionamiento-a-los-inversores-que-lleguen-a-instalarse-en-rivadavia\/","title":{"rendered":"No se cobrar\u00e1n tasas ni derechos de instalaci\u00f3n y funcionamiento a los inversores que lleguen a instalarse en Rivadavia"},"content":{"rendered":"<p>La Municipalidad de la Ciudad de Rivadavia se desarroll\u00f3 una conferencia de prensa donde el Intendente Sergio Miodowsky\u00a0anunci\u00f3 una total adhesi\u00f3n al RIGI quien garantiz\u00f3 eximiciones tributarias para los inscriptos en el programa. No se cobrar\u00e1n tasas ni derechos de instalaci\u00f3n y funcionamiento.<\/p>\n<p><iframe loading=\"lazy\" title=\"RIVADAVIA RIGI INTENDENTE SERGIO MIODOWSKY\" width=\"800\" height=\"450\" src=\"https:\/\/www.youtube.com\/embed\/hApzuY36gms?feature=oembed\" frameborder=\"0\" allow=\"accelerometer; autoplay; clipboard-write; encrypted-media; gyroscope; picture-in-picture; web-share\" referrerpolicy=\"strict-origin-when-cross-origin\" allowfullscreen><\/iframe><\/p>\n<p>Luego, el Secretario de Hacienda Municipal, CPN Osvaldo Mart\u00edn explic\u00f3 que \u00abse trata de importantes medidas que se toman en el marco de la aprobaci\u00f3n nacional del R\u00e9gimen de Incentivo a Grandes Inversiones y la adhesi\u00f3n del Gobierno de San Juan\u00bb.<\/p>\n<p><iframe loading=\"lazy\" title=\"RIVADAVIA RIGI CPN OSVALDO MART\u00cdN\" width=\"800\" height=\"450\" src=\"https:\/\/www.youtube.com\/embed\/uibslJb2B-o?feature=oembed\" frameborder=\"0\" allow=\"accelerometer; autoplay; clipboard-write; encrypted-media; gyroscope; picture-in-picture; web-share\" referrerpolicy=\"strict-origin-when-cross-origin\" allowfullscreen><\/iframe><\/p>\n<p>Los tributos que dejar\u00e1n de percibirse de aquellos que cumplimenten las condiciones necesarias del programa nacional y se instalen y desarrollen en Rivadavia, son:<\/p>\n<ul>\n<li>Tasa de Comercio<\/li>\n<li>Tasa Inmobiliaria<\/li>\n<li>Derecho de Construcci\u00f3n<\/li>\n<li>Derecho de Habilitaci\u00f3n Comercial<\/li>\n<\/ul>\n<p>&nbsp;<\/p>\n<p>La decisi\u00f3n pol\u00edtica del Intendente para fomentar el desarrollo y la toma de mano de obra del departamento se contempla por los pr\u00f3ximos tres a\u00f1os y se prev\u00e9 que la misma no pondr\u00e1 en riesgo las finanzas del municipio a fin del cumplimiento de sus compromisos<\/p>\n<blockquote class=\"wp-embedded-content\" data-secret=\"RAN6Ue38NE\"><p><a href=\"https:\/\/vocesparalelas.com.ar\/sitio\/la-municipalidad-de-rivadavia-de-san-juan-se-adhiere-al-rigi-con-la-ordenanza-n-3567\/\">La Municipalidad de Rivadavia de San Juan se adhiere al RIGI con la Ordenanza N\u00b0 3567<\/a><\/p><\/blockquote>\n<p><iframe loading=\"lazy\" class=\"wp-embedded-content\" sandbox=\"allow-scripts\" security=\"restricted\" style=\"position: absolute; visibility: hidden;\" title=\"\u00abLa Municipalidad de Rivadavia de San Juan se adhiere al RIGI con la Ordenanza N\u00b0 3567\u00bb \u2014 Voces Paralelas\" src=\"https:\/\/vocesparalelas.com.ar\/sitio\/la-municipalidad-de-rivadavia-de-san-juan-se-adhiere-al-rigi-con-la-ordenanza-n-3567\/embed\/#?secret=Gdm2z7mg6i#?secret=RAN6Ue38NE\" data-secret=\"RAN6Ue38NE\" width=\"600\" height=\"338\" frameborder=\"0\" marginwidth=\"0\" marginheight=\"0\" scrolling=\"no\"><\/iframe><\/p>\n<p><img loading=\"lazy\" decoding=\"async\" class=\"alignnone size-full wp-image-66896\" src=\"https:\/\/vocesparalelas.com.ar\/sitio\/wp-content\/uploads\/2023\/12\/RIVADAVIA-LOGO-NUEVO.jpg\" alt=\"\" width=\"800\" height=\"533\" srcset=\"https:\/\/vocesparalelas.com.ar\/sitio\/wp-content\/uploads\/2023\/12\/RIVADAVIA-LOGO-NUEVO.jpg 800w, https:\/\/vocesparalelas.com.ar\/sitio\/wp-content\/uploads\/2023\/12\/RIVADAVIA-LOGO-NUEVO-300x200.jpg 300w, https:\/\/vocesparalelas.com.ar\/sitio\/wp-content\/uploads\/2023\/12\/RIVADAVIA-LOGO-NUEVO-768x512.jpg 768w\" sizes=\"auto, (max-width: 800px) 100vw, 800px\" \/><\/p>\n","protected":false},"excerpt":{"rendered":"<p>La Municipalidad de la Ciudad de Rivadavia se desarroll\u00f3 una conferencia de prensa donde el Intendente Sergio Miodowsky\u00a0anunci\u00f3 una total<\/p>\n","protected":false},"author":3,"featured_media":76457,"comment_status":"closed","ping_status":"closed","sticky":false,"template":"","format":"standard","meta":{"_acf_changed":false,"_seopress_robots_primary_cat":"none","_seopress_titles_title":"","_seopress_titles_desc":"","_seopress_robots_index":"","colormag_page_container_layout":"default_layout","colormag_page_sidebar_layout":"default_layout","footnotes":""},"categories":[2,7],"tags":[],"class_list":["post-76454","post","type-post","status-publish","format-standard","has-post-thumbnail","hentry","category-convocatorias","category-videos"],"acf":[],"_links":{"self":[{"href":"https:\/\/vocesparalelas.com.ar\/sitio\/wp-json\/wp\/v2\/posts\/76454","targetHints":{"allow":["GET"]}}],"collection":[{"href":"https:\/\/vocesparalelas.com.ar\/sitio\/wp-json\/wp\/v2\/posts"}],"about":[{"href":"https:\/\/vocesparalelas.com.ar\/sitio\/wp-json\/wp\/v2\/types\/post"}],"author":[{"embeddable":true,"href":"https:\/\/vocesparalelas.com.ar\/sitio\/wp-json\/wp\/v2\/users\/3"}],"replies":[{"embeddable":true,"href":"https:\/\/vocesparalelas.com.ar\/sitio\/wp-json\/wp\/v2\/comments?post=76454"}],"version-history":[{"count":1,"href":"https:\/\/vocesparalelas.com.ar\/sitio\/wp-json\/wp\/v2\/posts\/76454\/revisions"}],"predecessor-version":[{"id":76458,"href":"https:\/\/vocesparalelas.com.ar\/sitio\/wp-json\/wp\/v2\/posts\/76454\/revisions\/76458"}],"wp:featuredmedia":[{"embeddable":true,"href":"https:\/\/vocesparalelas.com.ar\/sitio\/wp-json\/wp\/v2\/media\/76457"}],"wp:attachment":[{"href":"https:\/\/vocesparalelas.com.ar\/sitio\/wp-json\/wp\/v2\/media?parent=76454"}],"wp:term":[{"taxonomy":"category","embeddable":true,"href":"https:\/\/vocesparalelas.com.ar\/sitio\/wp-json\/wp\/v2\/categories?post=76454"},{"taxonomy":"post_tag","embeddable":true,"href":"https:\/\/vocesparalelas.com.ar\/sitio\/wp-json\/wp\/v2\/tags?post=76454"}],"curies":[{"name":"wp","href":"https:\/\/api.w.org\/{rel}","templated":true}]}}