{"id":76450,"date":"2024-09-02T18:55:55","date_gmt":"2024-09-02T21:55:55","guid":{"rendered":"https:\/\/vocesparalelas.com.ar\/sitio\/?p=76450"},"modified":"2024-09-03T12:55:20","modified_gmt":"2024-09-03T15:55:20","slug":"cursos-de-oficios-en-la-escuela-de-capacitacion-de-rivadavia","status":"publish","type":"post","link":"https:\/\/vocesparalelas.com.ar\/sitio\/cursos-de-oficios-en-la-escuela-de-capacitacion-de-rivadavia\/","title":{"rendered":"Cursos de oficios en la Escuela de Capacitaci\u00f3n de Rivadavia"},"content":{"rendered":"<p>La Municipalidad de la Ciudad de Rivadavia inscribe desde el Martes, 03 de Septiembre, cursos de oficios de su Escuela de Capacitaci\u00f3n, que funciona en la Escuela Provincia de Salta, Libertador Gral. San Mart\u00edn y Meglioli.<\/p>\n<p>La propuesta formativa de la Escuela de Capacitaci\u00f3n de la Ciudad de Rivadavia\u00a0 incluye una variedad de cursos que abarcan diferentes \u00e1reas, como idiomas, gastronom\u00eda y servicios, artesan\u00eda y manualidades, servicios personales, tecnolog\u00eda y electr\u00f3nica, comunicaci\u00f3n y accesibilidad, negocios y administraci\u00f3n, salud y cuidado, y otras \u00e1reas.<\/p>\n<p><span style=\"color: #ff6600;\"><strong>Las capacitaciones por rubro son las siguientes:<\/strong><\/span><\/p>\n<p><strong><span style=\"color: #ff6600;\">Idiomas<\/span><\/strong><\/p>\n<ul>\n<li>Ingl\u00e9s nivel 1<\/li>\n<li>Ingl\u00e9s nivel 2<\/li>\n<\/ul>\n<p><strong><span style=\"color: #ff6600;\">Gastronom\u00eda y Servicios<\/span><\/strong><\/p>\n<ul>\n<li>Barista<\/li>\n<li>Pasteler\u00eda 1<\/li>\n<li>Pasteler\u00eda 2<\/li>\n<li>Mozo<\/li>\n<li>Panader\u00eda-pizzer\u00eda<\/li>\n<li>Artesan\u00eda y Manualidades<\/li>\n<li>Carpinter\u00eda<\/li>\n<li>Carpinter\u00eda nivel 2<\/li>\n<li>Molder\u00eda y confecci\u00f3n<\/li>\n<li>Soldadura pesada<\/li>\n<\/ul>\n<p><strong><span style=\"color: #ff6600;\">Servicios Personales<\/span><\/strong><\/p>\n<ul>\n<li>Peluquer\u00eda y barber\u00eda<\/li>\n<li>Masoterapia<\/li>\n<li>Est\u00e9tica nivel 1<\/li>\n<li>Est\u00e9tica nivel 2<\/li>\n<\/ul>\n<p><strong><span style=\"color: #ff6600;\">Tecnolog\u00eda y Electr\u00f3nica<\/span><\/strong><\/p>\n<ul>\n<li>Electricidad<\/li>\n<li>Reparaci\u00f3n de celular 1<\/li>\n<li>Reparaci\u00f3n de celular nivel 2<\/li>\n<\/ul>\n<p><strong><span style=\"color: #ff6600;\">Comunicaci\u00f3n y Accesibilidad<\/span><\/strong><\/p>\n<ul>\n<li>Lengua de se\u00f1as<\/li>\n<\/ul>\n<p><strong><span style=\"color: #ff6600;\">Negocios y Administraci\u00f3n<\/span><\/strong><\/p>\n<ul>\n<li>Finanzas personales<\/li>\n<li>Emprendedurismo (negocios)<\/li>\n<li>Auxiliar de administraci\u00f3n educativa<\/li>\n<\/ul>\n<p><span style=\"color: #ff6600;\"><strong>Salud y Cuidado<\/strong><\/span><\/p>\n<ul>\n<li>Higiene y seguridad<\/li>\n<li>Cuidador paliativo<\/li>\n<\/ul>\n<p><span style=\"color: #ff6600;\"><strong>Otras \u00c1reas<\/strong><\/span><\/p>\n<ul>\n<li>Aire acondicionado<\/li>\n<li>Conservas<\/li>\n<li>Enoturismo<\/li>\n<li>Iniciaci\u00f3n ap\u00edcola<\/li>\n<li>Soldador<\/li>\n<\/ul>\n<p>Estas clases est\u00e1n dise\u00f1ados para que los participantes puedan adquirir nuevas habilidades y mejorar sus oportunidades laborales, homologados por el Gobierno de San Juan a trav\u00e9s del Ministerio de Educaci\u00f3n.<\/p>\n<p>La inscripci\u00f3n es gratuita y se requiere presentar fotocopia de DNI. Los interesados pueden inscribirse en el Parque de Rivadavia este martes 3 de septiembre de 8 a 13 horas.<\/p>\n<p>No te pierdas la oportunidad de capacitarte y mejorar tus habilidades. \u00a1Inscribite y aprovecha esta oportunidad!<\/p>\n<p>El Intendente de la Municipalidad de la Ciudad de Rivadavia, Sergio Miodowsky trabaja por la educaci\u00f3n y el perfeccionamiento como una pol\u00edtica de estado, brindando las herramientas necesarias para la inserci\u00f3n laboral de sus vecinos.<\/p>\n<p>&nbsp;<\/p>\n<p><img loading=\"lazy\" decoding=\"async\" class=\"alignnone size-full wp-image-66896\" src=\"https:\/\/vocesparalelas.com.ar\/sitio\/wp-content\/uploads\/2023\/12\/RIVADAVIA-LOGO-NUEVO.jpg\" alt=\"\" width=\"800\" height=\"533\" srcset=\"https:\/\/vocesparalelas.com.ar\/sitio\/wp-content\/uploads\/2023\/12\/RIVADAVIA-LOGO-NUEVO.jpg 800w, https:\/\/vocesparalelas.com.ar\/sitio\/wp-content\/uploads\/2023\/12\/RIVADAVIA-LOGO-NUEVO-300x200.jpg 300w, https:\/\/vocesparalelas.com.ar\/sitio\/wp-content\/uploads\/2023\/12\/RIVADAVIA-LOGO-NUEVO-768x512.jpg 768w\" sizes=\"auto, (max-width: 800px) 100vw, 800px\" \/><\/p>\n","protected":false},"excerpt":{"rendered":"<p>La Municipalidad de la Ciudad de Rivadavia inscribe desde el Martes, 03 de Septiembre, cursos de oficios de su Escuela<\/p>\n","protected":false},"author":3,"featured_media":27131,"comment_status":"closed","ping_status":"closed","sticky":false,"template":"","format":"standard","meta":{"_acf_changed":false,"_seopress_robots_primary_cat":"none","_seopress_titles_title":"","_seopress_titles_desc":"","_seopress_robots_index":"","colormag_page_container_layout":"default_layout","colormag_page_sidebar_layout":"default_layout","footnotes":""},"categories":[9],"tags":[],"class_list":["post-76450","post","type-post","status-publish","format-standard","has-post-thumbnail","hentry","category-cursos"],"acf":[],"_links":{"self":[{"href":"https:\/\/vocesparalelas.com.ar\/sitio\/wp-json\/wp\/v2\/posts\/76450","targetHints":{"allow":["GET"]}}],"collection":[{"href":"https:\/\/vocesparalelas.com.ar\/sitio\/wp-json\/wp\/v2\/posts"}],"about":[{"href":"https:\/\/vocesparalelas.com.ar\/sitio\/wp-json\/wp\/v2\/types\/post"}],"author":[{"embeddable":true,"href":"https:\/\/vocesparalelas.com.ar\/sitio\/wp-json\/wp\/v2\/users\/3"}],"replies":[{"embeddable":true,"href":"https:\/\/vocesparalelas.com.ar\/sitio\/wp-json\/wp\/v2\/comments?post=76450"}],"version-history":[{"count":3,"href":"https:\/\/vocesparalelas.com.ar\/sitio\/wp-json\/wp\/v2\/posts\/76450\/revisions"}],"predecessor-version":[{"id":76481,"href":"https:\/\/vocesparalelas.com.ar\/sitio\/wp-json\/wp\/v2\/posts\/76450\/revisions\/76481"}],"wp:featuredmedia":[{"embeddable":true,"href":"https:\/\/vocesparalelas.com.ar\/sitio\/wp-json\/wp\/v2\/media\/27131"}],"wp:attachment":[{"href":"https:\/\/vocesparalelas.com.ar\/sitio\/wp-json\/wp\/v2\/media?parent=76450"}],"wp:term":[{"taxonomy":"category","embeddable":true,"href":"https:\/\/vocesparalelas.com.ar\/sitio\/wp-json\/wp\/v2\/categories?post=76450"},{"taxonomy":"post_tag","embeddable":true,"href":"https:\/\/vocesparalelas.com.ar\/sitio\/wp-json\/wp\/v2\/tags?post=76450"}],"curies":[{"name":"wp","href":"https:\/\/api.w.org\/{rel}","templated":true}]}}