{"id":76445,"date":"2024-09-02T21:17:05","date_gmt":"2024-09-03T00:17:05","guid":{"rendered":"https:\/\/vocesparalelas.com.ar\/sitio\/?p=76445"},"modified":"2024-09-03T01:33:59","modified_gmt":"2024-09-03T04:33:59","slug":"mas-operativos-integrales-en-san-juan-que-llego-al-departamento-albardon","status":"publish","type":"post","link":"https:\/\/vocesparalelas.com.ar\/sitio\/mas-operativos-integrales-en-san-juan-que-llego-al-departamento-albardon\/","title":{"rendered":"M\u00e1s operativos Integrales en San Juan que lleg\u00f3 al Departamento Albard\u00f3n"},"content":{"rendered":"<p>El Lunes, 2 de Septiembre, el gobernador de San Juan, Dr. Marcelo Orrego visit\u00f3 un nuevo abordaje territorial, para acercar servicios a la comunidad en la Escuela Regimiento de Los Patricios, Localidad Las Lomitas, Departamento Albard\u00f3n.<\/p>\n<p>Se trata del operativo n\u00famero 18 que se realiza en la provincia, con el objetivo de brindar soluciones concretas a las necesidades de los vecinos y mejorar su calidad de vida.<\/p>\n<p>Por ello, el Gobernador, Dr. Marcelo Orrego puntualiz\u00f3 que \u00abla importancia de llegar a distintos puntos de la provincia con el abordajes territoriales a lo largo y ancho de la provincia, especialmente a las localidades m\u00e1s distantes. Considero que esta es la forma de acercarnos a la gente; en lugar de que ellos tengan que ir al Centro C\u00edvico, este debe ir hacia ellos\u201d.<\/p>\n<p>\u00abAgradezco la presencia de los ministerios y secretar\u00edas de las reparticiones del Estado est\u00e1n presentes, y lo que queremos es que la gente se lleve una respuesta, una soluci\u00f3n\u201d.<\/p>\n<p>\u00abLa importancia del trabajo conjunto y del dialogo. Absorbemos estas necesidades, que ya conocemos en parte, gracias a las conversaciones que hemos tenido con el Intendente, Juan Carlos Abarca\u201d.<\/p>\n<p>\u00abEste trabajo conjunto nos permite llegar a resoluciones m\u00e1s felices y responsables a la hora de resolver problemas. Lo hacemos con tranquilidad, sabiendo que este es el camino correcto\u201d &#8211; sintetiz\u00f3 el Fr. Marcelo Orrego.<\/p>\n<p>Lo acompa\u00f1aron los ministros de Gobierno, Dra. Laura Palma; de Educaci\u00f3n, Lic. Silvia Fuentes; Familia y Desarrollo Humano, Prof. Carlos Platero; el intendente de Albard\u00f3n, Juan Carlos Abarca y la directora de Pol\u00edticas para la Equidad, Prof. Nathalia S\u00e1nchez.<\/p>\n<p>El operativo acerca a los vecinos asesoramiento en programas sociales y asistenciales, atenci\u00f3n m\u00e9dica general, controles pedi\u00e1tricos, cardiovasculares y ginecol\u00f3gicos, el EPRE con Tarifa Social, Rentas \u2013 Moratorias, capacitaci\u00f3n y formaci\u00f3n profesional, asesoramiento en seguridad y prevenci\u00f3n, actividades recreativas, deportivas, entre otras.<\/p>\n<p>&nbsp;<\/p>\n<p><iframe loading=\"lazy\" title=\"Orrego recorri\u00f3 el Operativo Integral en Albard\u00f3n\" width=\"800\" height=\"450\" src=\"https:\/\/www.youtube.com\/embed\/k-jwDHtqWrs?feature=oembed\" frameborder=\"0\" allow=\"accelerometer; autoplay; clipboard-write; encrypted-media; gyroscope; picture-in-picture; web-share\" referrerpolicy=\"strict-origin-when-cross-origin\" allowfullscreen><\/iframe><\/p>\n<p>&nbsp;<\/p>\n<p>&nbsp;<\/p>\n","protected":false},"excerpt":{"rendered":"<p>El Lunes, 2 de Septiembre, el gobernador de San Juan, Dr. Marcelo Orrego visit\u00f3 un nuevo abordaje territorial, para acercar<\/p>\n","protected":false},"author":3,"featured_media":76448,"comment_status":"closed","ping_status":"closed","sticky":false,"template":"","format":"standard","meta":{"_acf_changed":false,"_seopress_robots_primary_cat":"none","_seopress_titles_title":"","_seopress_titles_desc":"","_seopress_robots_index":"","colormag_page_container_layout":"default_layout","colormag_page_sidebar_layout":"default_layout","footnotes":""},"categories":[1,7],"tags":[],"class_list":["post-76445","post","type-post","status-publish","format-standard","has-post-thumbnail","hentry","category-destacadas","category-videos"],"acf":[],"_links":{"self":[{"href":"https:\/\/vocesparalelas.com.ar\/sitio\/wp-json\/wp\/v2\/posts\/76445","targetHints":{"allow":["GET"]}}],"collection":[{"href":"https:\/\/vocesparalelas.com.ar\/sitio\/wp-json\/wp\/v2\/posts"}],"about":[{"href":"https:\/\/vocesparalelas.com.ar\/sitio\/wp-json\/wp\/v2\/types\/post"}],"author":[{"embeddable":true,"href":"https:\/\/vocesparalelas.com.ar\/sitio\/wp-json\/wp\/v2\/users\/3"}],"replies":[{"embeddable":true,"href":"https:\/\/vocesparalelas.com.ar\/sitio\/wp-json\/wp\/v2\/comments?post=76445"}],"version-history":[{"count":1,"href":"https:\/\/vocesparalelas.com.ar\/sitio\/wp-json\/wp\/v2\/posts\/76445\/revisions"}],"predecessor-version":[{"id":76449,"href":"https:\/\/vocesparalelas.com.ar\/sitio\/wp-json\/wp\/v2\/posts\/76445\/revisions\/76449"}],"wp:featuredmedia":[{"embeddable":true,"href":"https:\/\/vocesparalelas.com.ar\/sitio\/wp-json\/wp\/v2\/media\/76448"}],"wp:attachment":[{"href":"https:\/\/vocesparalelas.com.ar\/sitio\/wp-json\/wp\/v2\/media?parent=76445"}],"wp:term":[{"taxonomy":"category","embeddable":true,"href":"https:\/\/vocesparalelas.com.ar\/sitio\/wp-json\/wp\/v2\/categories?post=76445"},{"taxonomy":"post_tag","embeddable":true,"href":"https:\/\/vocesparalelas.com.ar\/sitio\/wp-json\/wp\/v2\/tags?post=76445"}],"curies":[{"name":"wp","href":"https:\/\/api.w.org\/{rel}","templated":true}]}}