{"id":76436,"date":"2024-09-02T20:55:58","date_gmt":"2024-09-02T23:55:58","guid":{"rendered":"https:\/\/vocesparalelas.com.ar\/sitio\/?p=76436"},"modified":"2024-09-03T21:47:18","modified_gmt":"2024-09-04T00:47:18","slug":"venta-de-entradas-para-el-torneo-de-padel-ajpp-san-juan","status":"publish","type":"post","link":"https:\/\/vocesparalelas.com.ar\/sitio\/venta-de-entradas-para-el-torneo-de-padel-ajpp-san-juan\/","title":{"rendered":"Venta de entradas para el Torneo de Padel AJPP San Juan"},"content":{"rendered":"<p>El ministerio de Turismo, Cultura y Deporte del Gobierno de San Juan informa que contin\u00faa la preventa de entradas para el evento de p\u00e1del m\u00e1s importante del calendario nacional. Hasta el Mi\u00e9rcoles, 4 de Septiembre, brindando la posibilidad de adquirir tickets a trav\u00e9s de la plataforma online oficial o en diferentes clubes de la provincia.<\/p>\n<p><strong><span style=\"color: #ff6600;\">Entradas<\/span><\/strong><\/p>\n<p>Los precios de las\u00a0entradas generales, $5.000 para el Mi\u00e9rcoles, el Jueves y el Viernes, y $7.000 para el S\u00e1bado y Domingo. Aquellos que deseen disfrutar del espect\u00e1culo durante toda la semana pueden optar por un\u00a0abono completo, disponible a un valor de\u00a0$18.000. Adem\u00e1s, para quienes busquen una experiencia superior, se ofrece la opci\u00f3n\u00a0VIP\u00a0con un costo de\u00a0$20.000 por d\u00eda, v\u00e1lida \u00fanicamente de Viernes a Domingo.<\/p>\n<p><strong><span style=\"color: #ff6600;\">Los clubes habilitados para la venta f\u00edsica de entradas<\/span><\/strong><\/p>\n<ul>\n<li>Camping de Santa Luc\u00eda,<\/li>\n<li>Don Peto,<\/li>\n<li>Complejo Mendoza,<\/li>\n<li>M\u00e1s Que Padel,<\/li>\n<li>Set Point,<\/li>\n<li>Jockey Club,<\/li>\n<li>Glass,<\/li>\n<li>Pista Central,<\/li>\n<li>San Ra\u00dal,<\/li>\n<li>Planeta Padel (Pocito) y<\/li>\n<li>Centro Impulso (Caucete).<\/li>\n<\/ul>\n<p>Estos puntos de venta permitir\u00e1n a los aficionados asegurarse su lugar en el evento que promete ser inolvidable, sin necesidad de realizar la compra online.<\/p>\n<p>El evento contar\u00e1 con la presencia de representantes sanjuaninos, que le dar\u00e1n un ambiente importante a la cita. Adem\u00e1s estar\u00e1n invitadas las mejores parejas de Chile y Paraguay que le dar\u00e1n el marco sudamericano infaltable.<\/p>\n<p><strong><span style=\"color: #ff6600;\">Cronograma<\/span><\/strong><\/p>\n<ul>\n<li>Mi\u00e9rcoles, 4 de Septiembre: Pre qualy<\/li>\n<li>Jueves, 5 de Septiembre: Final de Pre qualy<\/li>\n<li>Viernes, 6 de Septiembre: 16avos de Final<\/li>\n<li>S\u00e1bado, 7 de Septiembre: 8vos y 4tos de Final<\/li>\n<li>Domingo, 8 de Septiembre: Semifinales y Finales<\/li>\n<\/ul>\n<p><img loading=\"lazy\" decoding=\"async\" class=\"alignnone size-full wp-image-68844\" src=\"https:\/\/vocesparalelas.com.ar\/sitio\/wp-content\/uploads\/2024\/02\/ESTADIO-ALDO-CANTONI-02.jpg\" alt=\"\" width=\"800\" height=\"600\" srcset=\"https:\/\/vocesparalelas.com.ar\/sitio\/wp-content\/uploads\/2024\/02\/ESTADIO-ALDO-CANTONI-02.jpg 800w, https:\/\/vocesparalelas.com.ar\/sitio\/wp-content\/uploads\/2024\/02\/ESTADIO-ALDO-CANTONI-02-300x225.jpg 300w, https:\/\/vocesparalelas.com.ar\/sitio\/wp-content\/uploads\/2024\/02\/ESTADIO-ALDO-CANTONI-02-768x576.jpg 768w\" sizes=\"auto, (max-width: 800px) 100vw, 800px\" \/><\/p>\n","protected":false},"excerpt":{"rendered":"<p>El ministerio de Turismo, Cultura y Deporte del Gobierno de San Juan informa que contin\u00faa la preventa de entradas para<\/p>\n","protected":false},"author":3,"featured_media":76439,"comment_status":"closed","ping_status":"closed","sticky":false,"template":"","format":"standard","meta":{"_acf_changed":false,"_seopress_robots_primary_cat":"none","_seopress_titles_title":"","_seopress_titles_desc":"","_seopress_robots_index":"","colormag_page_container_layout":"default_layout","colormag_page_sidebar_layout":"default_layout","footnotes":""},"categories":[6],"tags":[],"class_list":["post-76436","post","type-post","status-publish","format-standard","has-post-thumbnail","hentry","category-eventos"],"acf":[],"_links":{"self":[{"href":"https:\/\/vocesparalelas.com.ar\/sitio\/wp-json\/wp\/v2\/posts\/76436","targetHints":{"allow":["GET"]}}],"collection":[{"href":"https:\/\/vocesparalelas.com.ar\/sitio\/wp-json\/wp\/v2\/posts"}],"about":[{"href":"https:\/\/vocesparalelas.com.ar\/sitio\/wp-json\/wp\/v2\/types\/post"}],"author":[{"embeddable":true,"href":"https:\/\/vocesparalelas.com.ar\/sitio\/wp-json\/wp\/v2\/users\/3"}],"replies":[{"embeddable":true,"href":"https:\/\/vocesparalelas.com.ar\/sitio\/wp-json\/wp\/v2\/comments?post=76436"}],"version-history":[{"count":1,"href":"https:\/\/vocesparalelas.com.ar\/sitio\/wp-json\/wp\/v2\/posts\/76436\/revisions"}],"predecessor-version":[{"id":76440,"href":"https:\/\/vocesparalelas.com.ar\/sitio\/wp-json\/wp\/v2\/posts\/76436\/revisions\/76440"}],"wp:featuredmedia":[{"embeddable":true,"href":"https:\/\/vocesparalelas.com.ar\/sitio\/wp-json\/wp\/v2\/media\/76439"}],"wp:attachment":[{"href":"https:\/\/vocesparalelas.com.ar\/sitio\/wp-json\/wp\/v2\/media?parent=76436"}],"wp:term":[{"taxonomy":"category","embeddable":true,"href":"https:\/\/vocesparalelas.com.ar\/sitio\/wp-json\/wp\/v2\/categories?post=76436"},{"taxonomy":"post_tag","embeddable":true,"href":"https:\/\/vocesparalelas.com.ar\/sitio\/wp-json\/wp\/v2\/tags?post=76436"}],"curies":[{"name":"wp","href":"https:\/\/api.w.org\/{rel}","templated":true}]}}