{"id":76429,"date":"2024-09-02T20:39:17","date_gmt":"2024-09-02T23:39:17","guid":{"rendered":"https:\/\/vocesparalelas.com.ar\/sitio\/?p=76429"},"modified":"2024-09-02T22:07:35","modified_gmt":"2024-09-03T01:07:35","slug":"la-primera-aerolinea-low-cost-de-argentina-llego-a-san-juan","status":"publish","type":"post","link":"https:\/\/vocesparalelas.com.ar\/sitio\/la-primera-aerolinea-low-cost-de-argentina-llego-a-san-juan\/","title":{"rendered":"La primera aerol\u00ednea low cost de Argentina lleg\u00f3 a San Juan"},"content":{"rendered":"<p>El Lunes, 2 de Septiembre de 2024, el gobernador de San Juan, Dr. Marcelo Orrego presenci\u00f3 la llegada del vuelo inaugural a San Juan de la primera aerol\u00ednea low cost de Argentina que llega a la provincia, Flybondi. Fue en el Aeropuerto Domingo F. Sarmiento.<\/p>\n<p>Estuvo acompa\u00f1ado por la directora de Asuntos Corporativos de la aerol\u00ednea, Luc\u00eda Ginzo; el director Comercial, Federico Pastori; ministro de Turismo, Cultura y Deporte, Dr. Guido Romero y la secretaria de Turismo, Bel\u00e9n Barboza.<\/p>\n<p>En este marco, el gobernador Dr. Marcelo Orrego manifest\u00f3 que \u00abestamos felices de estar, en este primer vuelo de Flybondi recibiendo a tantos pasajeros que hoy llegan a San Juan y tambi\u00e9n acompa\u00f1ando a los sanjuaninos que arriban a su vuelo. Hay algunos que vuelan por primera vez y eso es muy emocionante. Para nosotros es una gran noticia, porque la llegada de esta empresa suma posibilidades a que m\u00e1s personas viajen, vuelen, conozcan nuestra provincia, crezca el turismo y tambi\u00e9n se generar\u00e1n fuentes de trabajo. Estamos muy entusiasmados y esperamos que la gente se pueda beneficiar con esto\u201d.<\/p>\n<p><iframe loading=\"lazy\" title=\"Flybondi realiz\u00f3 su vuelo inaugural a San Juan\" width=\"800\" height=\"450\" src=\"https:\/\/www.youtube.com\/embed\/7NINHjgczxE?feature=oembed\" frameborder=\"0\" allow=\"accelerometer; autoplay; clipboard-write; encrypted-media; gyroscope; picture-in-picture; web-share\" referrerpolicy=\"strict-origin-when-cross-origin\" allowfullscreen><\/iframe><\/p>\n<p><img loading=\"lazy\" decoding=\"async\" class=\"alignnone size-full wp-image-76432\" src=\"https:\/\/vocesparalelas.com.ar\/sitio\/wp-content\/uploads\/2024\/09\/AEROPUERTO-SAN-JUAN-01.jpg\" alt=\"\" width=\"800\" height=\"450\" srcset=\"https:\/\/vocesparalelas.com.ar\/sitio\/wp-content\/uploads\/2024\/09\/AEROPUERTO-SAN-JUAN-01.jpg 800w, https:\/\/vocesparalelas.com.ar\/sitio\/wp-content\/uploads\/2024\/09\/AEROPUERTO-SAN-JUAN-01-300x169.jpg 300w, https:\/\/vocesparalelas.com.ar\/sitio\/wp-content\/uploads\/2024\/09\/AEROPUERTO-SAN-JUAN-01-768x432.jpg 768w\" sizes=\"auto, (max-width: 800px) 100vw, 800px\" \/><\/p>\n<p>La llegada de la compa\u00f1\u00eda es un acontecimiento significativo, ya que ofrece una nueva opci\u00f3n de vuelos hacia la provincia a precios accesibles, con pasajes disponibles desde $46,872 por tramo.<\/p>\n<p>El vuelo inaugural despeg\u00f3 de Buenos Aires a las 10:55 y aterriz\u00f3 en el Aeropuerto Internacional Domingo Faustino Sarmiento de San Juan a las 13:10. De regreso, el vuelo parti\u00f3 de San Juan a las 14:10 y lleg\u00f3 a Aeroparque a las 15:50 hs.<\/p>\n<p>San Juan es la ruta n\u00famero 26 de Flybondi, y en Argentina representa su destino dom\u00e9stico n\u00famero 19 y la provincia n\u00famero 15 en su red de conexiones. Con esta nueva incorporaci\u00f3n, la aerol\u00ednea ya cubre el 63% de las provincias del pa\u00eds.<\/p>\n<p>Desde que comenz\u00f3 a operar en Argentina en 2018, la aerol\u00ednea se ha destacado como pionera en el segmento low cost, consolid\u00e1ndose r\u00e1pidamente como una de las opciones m\u00e1s populares. Bajo su prop\u00f3sito de democratizar los vuelos, m\u00e1s de 11 millones de personas han viajado con Flybondi, de las cuales el 20% experiment\u00f3 su primer vuelo en la vida con la aerol\u00ednea.<\/p>\n<p><img loading=\"lazy\" decoding=\"async\" class=\"alignnone size-full wp-image-76427\" src=\"https:\/\/vocesparalelas.com.ar\/sitio\/wp-content\/uploads\/2024\/09\/AEROLINES-SAN-JUAN.jpg\" alt=\"\" width=\"800\" height=\"450\" srcset=\"https:\/\/vocesparalelas.com.ar\/sitio\/wp-content\/uploads\/2024\/09\/AEROLINES-SAN-JUAN.jpg 800w, https:\/\/vocesparalelas.com.ar\/sitio\/wp-content\/uploads\/2024\/09\/AEROLINES-SAN-JUAN-300x169.jpg 300w, https:\/\/vocesparalelas.com.ar\/sitio\/wp-content\/uploads\/2024\/09\/AEROLINES-SAN-JUAN-768x432.jpg 768w\" sizes=\"auto, (max-width: 800px) 100vw, 800px\" \/><\/p>\n","protected":false},"excerpt":{"rendered":"<p>El Lunes, 2 de Septiembre de 2024, el gobernador de San Juan, Dr. Marcelo Orrego presenci\u00f3 la llegada del vuelo<\/p>\n","protected":false},"author":3,"featured_media":76433,"comment_status":"closed","ping_status":"closed","sticky":false,"template":"","format":"standard","meta":{"_acf_changed":false,"_seopress_robots_primary_cat":"none","_seopress_titles_title":"","_seopress_titles_desc":"","_seopress_robots_index":"","colormag_page_container_layout":"default_layout","colormag_page_sidebar_layout":"default_layout","footnotes":""},"categories":[1,7],"tags":[],"class_list":["post-76429","post","type-post","status-publish","format-standard","has-post-thumbnail","hentry","category-destacadas","category-videos"],"acf":[],"_links":{"self":[{"href":"https:\/\/vocesparalelas.com.ar\/sitio\/wp-json\/wp\/v2\/posts\/76429","targetHints":{"allow":["GET"]}}],"collection":[{"href":"https:\/\/vocesparalelas.com.ar\/sitio\/wp-json\/wp\/v2\/posts"}],"about":[{"href":"https:\/\/vocesparalelas.com.ar\/sitio\/wp-json\/wp\/v2\/types\/post"}],"author":[{"embeddable":true,"href":"https:\/\/vocesparalelas.com.ar\/sitio\/wp-json\/wp\/v2\/users\/3"}],"replies":[{"embeddable":true,"href":"https:\/\/vocesparalelas.com.ar\/sitio\/wp-json\/wp\/v2\/comments?post=76429"}],"version-history":[{"count":2,"href":"https:\/\/vocesparalelas.com.ar\/sitio\/wp-json\/wp\/v2\/posts\/76429\/revisions"}],"predecessor-version":[{"id":76444,"href":"https:\/\/vocesparalelas.com.ar\/sitio\/wp-json\/wp\/v2\/posts\/76429\/revisions\/76444"}],"wp:featuredmedia":[{"embeddable":true,"href":"https:\/\/vocesparalelas.com.ar\/sitio\/wp-json\/wp\/v2\/media\/76433"}],"wp:attachment":[{"href":"https:\/\/vocesparalelas.com.ar\/sitio\/wp-json\/wp\/v2\/media?parent=76429"}],"wp:term":[{"taxonomy":"category","embeddable":true,"href":"https:\/\/vocesparalelas.com.ar\/sitio\/wp-json\/wp\/v2\/categories?post=76429"},{"taxonomy":"post_tag","embeddable":true,"href":"https:\/\/vocesparalelas.com.ar\/sitio\/wp-json\/wp\/v2\/tags?post=76429"}],"curies":[{"name":"wp","href":"https:\/\/api.w.org\/{rel}","templated":true}]}}