{"id":76415,"date":"2024-09-02T13:45:09","date_gmt":"2024-09-02T16:45:09","guid":{"rendered":"https:\/\/vocesparalelas.com.ar\/sitio\/?p=76415"},"modified":"2024-09-02T13:45:09","modified_gmt":"2024-09-02T16:45:09","slug":"se-suspenden-actividades-academicas-en-la-unsj-por-el-alerta-del-viento-zonda","status":"publish","type":"post","link":"https:\/\/vocesparalelas.com.ar\/sitio\/se-suspenden-actividades-academicas-en-la-unsj-por-el-alerta-del-viento-zonda\/","title":{"rendered":"Se suspenden actividades acad\u00e9micas en la UNSJ por el alerta del Viento Zonda"},"content":{"rendered":"<p>Por recomendaci\u00f3n del Comit\u00e9 Central de Higiene y Seguridad Laboral de la Universidad Nacional de San Juan, las actividades acad\u00e9micas de los tres Institutos Preuniversitarios del turno tarde y vespertino se suspenden por alerta amarilla de viento Zonda.<\/p>\n<p>Adem\u00e1s, la Escuela Universitaria de Ciencias de la Salud de la UNSJ y las Facultades suspenden actividades a partir de las 13 hs. por esta misma alerta.<\/p>\n<p>Las actividades deportivas, Salud Universitaria y atenci\u00f3n al p\u00fablico en el Complejo Deportivo \u00abEl Palomar\u00bb quedan suspendidas desde las 13 hasta las 19 h. Por medio de las redes sociales de Bienestar Universitario se informar\u00e1 a partir de las 18 h si la medida contin\u00faan.<\/p>\n<p>Adem\u00e1s, desde Bienestar aclararon que el Comedor funciona hasta las 13:30 hs y la cena es en horario normal.<\/p>\n<p><img loading=\"lazy\" decoding=\"async\" class=\"alignnone size-large wp-image-15085\" src=\"https:\/\/vocesparalelas.com.ar\/sitio\/wp-content\/uploads\/2018\/09\/VIENTO-ZONDA-800x527.jpg\" alt=\"\" width=\"800\" height=\"527\" srcset=\"https:\/\/vocesparalelas.com.ar\/sitio\/wp-content\/uploads\/2018\/09\/VIENTO-ZONDA-800x527.jpg 800w, https:\/\/vocesparalelas.com.ar\/sitio\/wp-content\/uploads\/2018\/09\/VIENTO-ZONDA-300x198.jpg 300w, https:\/\/vocesparalelas.com.ar\/sitio\/wp-content\/uploads\/2018\/09\/VIENTO-ZONDA-768x506.jpg 768w, https:\/\/vocesparalelas.com.ar\/sitio\/wp-content\/uploads\/2018\/09\/VIENTO-ZONDA.jpg 1000w\" sizes=\"auto, (max-width: 800px) 100vw, 800px\" \/><\/p>\n<p>&nbsp;<\/p>\n","protected":false},"excerpt":{"rendered":"<p>Por recomendaci\u00f3n del Comit\u00e9 Central de Higiene y Seguridad Laboral de la Universidad Nacional de San Juan, las actividades acad\u00e9micas<\/p>\n","protected":false},"author":3,"featured_media":43958,"comment_status":"closed","ping_status":"closed","sticky":false,"template":"","format":"standard","meta":{"_acf_changed":false,"_seopress_robots_primary_cat":"none","_seopress_titles_title":"","_seopress_titles_desc":"","_seopress_robots_index":"","colormag_page_container_layout":"default_layout","colormag_page_sidebar_layout":"default_layout","footnotes":""},"categories":[1],"tags":[],"class_list":["post-76415","post","type-post","status-publish","format-standard","has-post-thumbnail","hentry","category-destacadas"],"acf":[],"_links":{"self":[{"href":"https:\/\/vocesparalelas.com.ar\/sitio\/wp-json\/wp\/v2\/posts\/76415","targetHints":{"allow":["GET"]}}],"collection":[{"href":"https:\/\/vocesparalelas.com.ar\/sitio\/wp-json\/wp\/v2\/posts"}],"about":[{"href":"https:\/\/vocesparalelas.com.ar\/sitio\/wp-json\/wp\/v2\/types\/post"}],"author":[{"embeddable":true,"href":"https:\/\/vocesparalelas.com.ar\/sitio\/wp-json\/wp\/v2\/users\/3"}],"replies":[{"embeddable":true,"href":"https:\/\/vocesparalelas.com.ar\/sitio\/wp-json\/wp\/v2\/comments?post=76415"}],"version-history":[{"count":1,"href":"https:\/\/vocesparalelas.com.ar\/sitio\/wp-json\/wp\/v2\/posts\/76415\/revisions"}],"predecessor-version":[{"id":76418,"href":"https:\/\/vocesparalelas.com.ar\/sitio\/wp-json\/wp\/v2\/posts\/76415\/revisions\/76418"}],"wp:featuredmedia":[{"embeddable":true,"href":"https:\/\/vocesparalelas.com.ar\/sitio\/wp-json\/wp\/v2\/media\/43958"}],"wp:attachment":[{"href":"https:\/\/vocesparalelas.com.ar\/sitio\/wp-json\/wp\/v2\/media?parent=76415"}],"wp:term":[{"taxonomy":"category","embeddable":true,"href":"https:\/\/vocesparalelas.com.ar\/sitio\/wp-json\/wp\/v2\/categories?post=76415"},{"taxonomy":"post_tag","embeddable":true,"href":"https:\/\/vocesparalelas.com.ar\/sitio\/wp-json\/wp\/v2\/tags?post=76415"}],"curies":[{"name":"wp","href":"https:\/\/api.w.org\/{rel}","templated":true}]}}