{"id":76330,"date":"2024-08-29T20:33:20","date_gmt":"2024-08-29T23:33:20","guid":{"rendered":"https:\/\/vocesparalelas.com.ar\/sitio\/?p=76330"},"modified":"2024-08-30T00:33:40","modified_gmt":"2024-08-30T03:33:40","slug":"representante-de-la-organizacion-panamericana-de-la-salud-en-argentina-dra-eva-jane-llopis-en-san-juan","status":"publish","type":"post","link":"https:\/\/vocesparalelas.com.ar\/sitio\/representante-de-la-organizacion-panamericana-de-la-salud-en-argentina-dra-eva-jane-llopis-en-san-juan\/","title":{"rendered":"Representante de la Organizaci\u00f3n Panamericana de la Salud en Argentina, Dra. Eva Jane Llopis en San Juan"},"content":{"rendered":"<p>El gobernador de San Juan, Dr. Marcelo Orrego se reuni\u00f3 con la representante de la Organizaci\u00f3n Panamericana y Mundial de la Salud en Argentina &#8211; OPS-OMS -, Dra. Eva Jane Llopis\u00a0 y dialogaron sobre el trabajo y avances en salud y la realizaci\u00f3n del seminario sobre Seguridad Hospitalaria, que durante tres d\u00edas se desarrolla en San Juan.<\/p>\n<p>De la reuni\u00f3n, que se desarroll\u00f3 en la sala Camus acompa\u00f1ado por el ministro de Salud, Dr. Am\u00edlcar Dobladez.<\/p>\n<p>Al t\u00e9rmino del encuentro la Dra. Eva Jane Llopis de la OPS se\u00f1al\u00f3 que \u201cha sido un encuentro muy interesante, donde hemos compartido lo avances que se est\u00e1n haciendo en salud y en la provincia. El trabajo que venimos haciendo desde la OPS con la provincia y hemos abierto un taller sobre hospitales seguros\u00bb.<\/p>\n<p>\u00abMa\u00f1ana firmamos un acuerdo, convenio con todos los intendentes y el ministerio para trabajar sobre chagas vectorial y venimos trabajando en muchas otras \u00e1reas con el ministerio y el ministro de Salud de San Juan, Dr. Amilcar Dobladez\u201d.<\/p>\n<p>\u00abEn la reuni\u00f3n con el gobernador hemos hablado de estos temas, de actualidad, la importancia de los servicios de atenci\u00f3n primaria del dengue, la importancia de salud mental y hemos hecho una lista desde la OPS de temas que nosotros podemos pensar tambi\u00e9n que apoyos, innovaciones, aprendizajes podemos traer, de otros lugares de la regi\u00f3n y ver el funcionamiento en San Juan y al rev\u00e9s, lo que es innovador en la provincia para llevarlo a otros lugares de la regi\u00f3n de las Am\u00e9ricas\u201d.<\/p>\n<p>Sobre la realizaci\u00f3n del taller sobre Seguridad Hospitalaria la Dra. Eva Llopis destac\u00f3 que \u00abes buen\u00edsimo que lo estemos haciendo, una ilusi\u00f3n desde la OPS porque se viene pensando desde hace mucho tiempo, el hecho que se haya creado una Secretar\u00eda en Emergencia, se haya puesto en agenda y se haya movilizado a cuatro hospitales importantes por la complejidad, localizaci\u00f3n. Es asegurar, entender d\u00f3nde estamos y que podemos ir haciendo para ir mejorando, como hacemos con otras \u00e1reas\u00bb.<\/p>\n<p>\u201cNosotros somos parte de este camino, de este viaje conjunto de mejoras, lo que no est\u00e1 funcionando, lo que no se ha avanzado o los temas que queremos mejorar porque no funcionan, que hay que cambiar, cuales con los cambios de paradigmas necesarios, el taller en si es tambi\u00e9n una puesta en funcionamiento de ese pensamiento de mejora, innovaci\u00f3n para asegurar en una emergencia\u201d.<\/p>\n<p>\u00abEn abril estuve, porque elegimos San Juan para lanzar la semana de la vacunaci\u00f3n de las Am\u00e9ricas en Argentina, la campa\u00f1a de vacunaci\u00f3n aqu\u00ed es muy efectiva, con innovaciones tambi\u00e9n con el vacunatorio de los animales dom\u00e9sticos, es una estrategia interesante, hacer la vacunaci\u00f3n de todos los grupo etarios ah\u00ed en el parque y tambi\u00e9n de los animales dom\u00e9sticos, mascotas\u201d.<\/p>\n<p>\u00abEstuvimos hablando de c\u00f3mo mantener esas coberturas de vacunaci\u00f3n en esta visita, de todo lo que se ha seguido haciendo para mantener las coberturas igual de altas\u201d. Son estrategias, hay mucha ilusi\u00f3n, trabajo, compromiso, una alegr\u00eda y desaf\u00edo con que nuevo volvemos la pr\u00f3xima vez\u201d &#8211; sintetiz\u00f3 la Dra. Eva Llopis.<\/p>\n<p>&nbsp;<\/p>\n<p>&nbsp;<\/p>\n","protected":false},"excerpt":{"rendered":"<p>El gobernador de San Juan, Dr. Marcelo Orrego se reuni\u00f3 con la representante de la Organizaci\u00f3n Panamericana y Mundial de<\/p>\n","protected":false},"author":3,"featured_media":76333,"comment_status":"closed","ping_status":"closed","sticky":false,"template":"","format":"standard","meta":{"_acf_changed":false,"_seopress_robots_primary_cat":"none","_seopress_titles_title":"","_seopress_titles_desc":"","_seopress_robots_index":"","colormag_page_container_layout":"default_layout","colormag_page_sidebar_layout":"default_layout","footnotes":""},"categories":[1],"tags":[],"class_list":["post-76330","post","type-post","status-publish","format-standard","has-post-thumbnail","hentry","category-destacadas"],"acf":[],"_links":{"self":[{"href":"https:\/\/vocesparalelas.com.ar\/sitio\/wp-json\/wp\/v2\/posts\/76330","targetHints":{"allow":["GET"]}}],"collection":[{"href":"https:\/\/vocesparalelas.com.ar\/sitio\/wp-json\/wp\/v2\/posts"}],"about":[{"href":"https:\/\/vocesparalelas.com.ar\/sitio\/wp-json\/wp\/v2\/types\/post"}],"author":[{"embeddable":true,"href":"https:\/\/vocesparalelas.com.ar\/sitio\/wp-json\/wp\/v2\/users\/3"}],"replies":[{"embeddable":true,"href":"https:\/\/vocesparalelas.com.ar\/sitio\/wp-json\/wp\/v2\/comments?post=76330"}],"version-history":[{"count":1,"href":"https:\/\/vocesparalelas.com.ar\/sitio\/wp-json\/wp\/v2\/posts\/76330\/revisions"}],"predecessor-version":[{"id":76334,"href":"https:\/\/vocesparalelas.com.ar\/sitio\/wp-json\/wp\/v2\/posts\/76330\/revisions\/76334"}],"wp:featuredmedia":[{"embeddable":true,"href":"https:\/\/vocesparalelas.com.ar\/sitio\/wp-json\/wp\/v2\/media\/76333"}],"wp:attachment":[{"href":"https:\/\/vocesparalelas.com.ar\/sitio\/wp-json\/wp\/v2\/media?parent=76330"}],"wp:term":[{"taxonomy":"category","embeddable":true,"href":"https:\/\/vocesparalelas.com.ar\/sitio\/wp-json\/wp\/v2\/categories?post=76330"},{"taxonomy":"post_tag","embeddable":true,"href":"https:\/\/vocesparalelas.com.ar\/sitio\/wp-json\/wp\/v2\/tags?post=76330"}],"curies":[{"name":"wp","href":"https:\/\/api.w.org\/{rel}","templated":true}]}}