{"id":76314,"date":"2024-08-29T20:25:46","date_gmt":"2024-08-29T23:25:46","guid":{"rendered":"https:\/\/vocesparalelas.com.ar\/sitio\/?p=76314"},"modified":"2024-08-31T01:01:24","modified_gmt":"2024-08-31T04:01:24","slug":"la-camara-de-diputados-de-san-juan-aprobo-la-capacitacion-en-reanimacion-cardiopulmonar-para-los-alumnos-de-las-escuelas-del-nivel-secundario","status":"publish","type":"post","link":"https:\/\/vocesparalelas.com.ar\/sitio\/la-camara-de-diputados-de-san-juan-aprobo-la-capacitacion-en-reanimacion-cardiopulmonar-para-los-alumnos-de-las-escuelas-del-nivel-secundario\/","title":{"rendered":"La C\u00e1mara de Diputados de San Juan aprob\u00f3 la Capacitaci\u00f3n en Reanimaci\u00f3n Cardiopulmonar para los alumnos de las escuelas del Nivel Secundario"},"content":{"rendered":"<p>Con la finalidad de promover la capacitaci\u00f3n de los estudiantes de nivel secundario en la atenci\u00f3n primaria b\u00e1sica del paro cardio-respiratorio, la C\u00e1mara de Diputados de San Juan sancion\u00f3 la Ley que crea el Programa de Capacitaci\u00f3n y Concientizaci\u00f3n en materia de Reanimaci\u00f3n Cardiopulmonar.<\/p>\n<p>Por otro lado, el cuerpo Legislativo aprob\u00f3 sobre tablas con 19 votos positivos, 11 votos negativos y 3 abstenciones un proyecto de Ley remitido por el Poder Ejecutivo que propone ratificar el convenio de Rescisi\u00f3n Bilateral del Contrato de Obra \u00abAprovechamiento Hidroenerg\u00e9tico Multiprop\u00f3sito El Tambolar\u00bb (Segunda Etapa-Culminaci\u00f3n)<\/p>\n<p>Tambi\u00e9n, durante la Octava Sesi\u00f3n, la Legislatura instituy\u00f3 el mes de mayo de cada a\u00f1o como el mes de concientizaci\u00f3n del Cuidado de Biodiversidad; y modific\u00f3 el art\u00edculo 637 de la Ley 2415-O del C\u00f3digo Procesal Civil, Comercial y de Miner\u00eda de San Juan.<\/p>\n<p>Adem\u00e1s, otorg\u00f3 acuerdo a seis proyectos remitidos por el Poder Ejecutivo que proponen ratificar convenios sobre: \u201cFinanciamiento de Capital de Trabajo- Descuento de Cheques de pago Diferido\u201d; \u201cPr\u00e9stamos para el Financiamiento de Proyectos de Inversi\u00f3n\u201d; \u201cPr\u00e9stamos para emprendedores\u201d; \u201cEjecuci\u00f3n para la prestaci\u00f3n de comedores escolares\u201d; \u201cBonificaci\u00f3n de tasas de inter\u00e9s entre la provincia y Banco de la Naci\u00f3n Argentina; y \u201cPr\u00e9stamos Financieros para Capital de Trabajo\u201d.<\/p>\n<p><span style=\"color: #666699;\"><strong>Capacitaci\u00f3n en Reanimaci\u00f3n Cardiopulmonar (RCP) para las escuelas<\/strong><\/span><\/p>\n<p>Tras los fundamentos brindados por el diputado Gustavo N\u00fa\u00f1ez, la C\u00e1mara de Diputados de San Juan someti\u00f3 a votaci\u00f3n y aprob\u00f3 un proyecto de Ley presentado por el interbloque Cambia San Juan que propone crear el Programa de Capacitaci\u00f3n y Concientizaci\u00f3n en materia de RCP, para los Establecimientos de Educaci\u00f3n Secundaria de la provincia.<\/p>\n<p>La finalidad es promover la capacitaci\u00f3n, con car\u00e1cter obligatorio, de los estudiantes de nivel secundario del sistema educativo provincial en la atenci\u00f3n primaria b\u00e1sica del paro cardio-respiratorio, para prevenir el acontecimiento de muertes evitables en el \u00e1mbito extra-hospitalario.<\/p>\n<p><iframe loading=\"lazy\" title=\"Diputado Gustavo Nu\u00f1ez\" width=\"800\" height=\"450\" src=\"https:\/\/www.youtube.com\/embed\/qT-0cov8IBw?feature=oembed\" frameborder=\"0\" allow=\"accelerometer; autoplay; clipboard-write; encrypted-media; gyroscope; picture-in-picture; web-share\" referrerpolicy=\"strict-origin-when-cross-origin\" allowfullscreen><\/iframe><\/p>\n<p><span style=\"color: #666699;\"><strong>Rescisi\u00f3n bilateral del contrato de obra El Tambolar<\/strong><\/span><\/p>\n<p>Sobre tablas y tras un debate que cont\u00f3 con un cuarto intermedio de veinte minutos aproximadamente, el cuerpo Legislativo ratific\u00f3 el convenio de Rescisi\u00f3n Bilateral del contrato de obra \u00abAprovechamiento Hidroenerg\u00e9tico Multiprop\u00f3sito El Tambolar\u00bb (segunda etapa-culminaci\u00f3n) suscripto el 28 de agosto del 2024 entre Energ\u00eda Provincial Sociedad Del Estado\u00bb (EPSE) y Panedile Argentina S.A.I.C.F. E I. \u2014 Sacde Sociedad Argentina De Construcci\u00f3n Y Desarrollo Estrat\u00e9gico S.A. \u2014 Sinohydro Corporation Limited sucursal de empresa extranjera \u2014 Petersen Thiele y Cruz Sociedad An\u00f3nima De Construcciones Y Mandatos \u2014 Uni\u00f3n Transitoria y aprobado por decreto n\u00b0 1574-mayo-2024.<\/p>\n<p>Los resultados de la votaci\u00f3n fueron 19 votos positivos, 11 votos negativos y 3 abstenciones (diputados: Mario Herrero, Graciela Seva y Horacio Quiroga).<\/p>\n<figure id=\"attachment_76318\" aria-describedby=\"caption-attachment-76318\" style=\"width: 800px\" class=\"wp-caption alignnone\"><img loading=\"lazy\" decoding=\"async\" class=\"size-full wp-image-76318\" src=\"https:\/\/vocesparalelas.com.ar\/sitio\/wp-content\/uploads\/2024\/08\/CDSJ-JUMENES-CARLOS-DIPUTADO.jpg\" alt=\"\" width=\"800\" height=\"498\" srcset=\"https:\/\/vocesparalelas.com.ar\/sitio\/wp-content\/uploads\/2024\/08\/CDSJ-JUMENES-CARLOS-DIPUTADO.jpg 800w, https:\/\/vocesparalelas.com.ar\/sitio\/wp-content\/uploads\/2024\/08\/CDSJ-JUMENES-CARLOS-DIPUTADO-300x187.jpg 300w, https:\/\/vocesparalelas.com.ar\/sitio\/wp-content\/uploads\/2024\/08\/CDSJ-JUMENES-CARLOS-DIPUTADO-768x478.jpg 768w\" sizes=\"auto, (max-width: 800px) 100vw, 800px\" \/><figcaption id=\"caption-attachment-76318\" class=\"wp-caption-text\">Diputado Carlos Jaime Quiroga<\/figcaption><\/figure>\n<p>El diputado Carlos Jaime Quiroga fue el encargado de brindar los argumentos como miembro informante. En la ocasi\u00f3n, tambi\u00e9n hablaron manifestando sus diversas posturas los legisladores Marisa L\u00f3pez, Miguel Atampiz, Mario Herrero, Horacio Quiroga, Emilio Escudero, Luis Rueda, Eduardo Cabello, Cristina L\u00f3pez, Jorge Casta\u00f1eda y Juan Carlos Quiroga Moyano.<\/p>\n<p>En los argumentos de esta asunto se explica que\u00a0\u201cEn la actualidad la obra cuenta con un grado de certificaci\u00f3n del orden del 41,39 %, y el precio restante de la obra requiere de una suma superior a la de U$S. 300.000.000 (DOLARES ESTADOUNIDENSES TRESCIENTOS MILLONES) y ha sido enmarcada en el Programa Nacional de Obras Hidroel\u00e9ctricas (Resoluci\u00f3n SE N\u00b0 762\/09), y como tal tiene establecido un mecanismo de financiamiento vinculado al Fideicomiso Punta Negra-Tambolar, el cual se compone de los flujos aportados al mismo, como consecuencia de los Contratos MEM suscriptos entre CAMMESA y EPSE (\u00abContratos MEM Fideicomitidos\u00bb), que la U.T. ha declarado conocer. La crisis actual, derivada del acelerado agravamiento de la situaci\u00f3n econ\u00f3mica del pa\u00eds registrado a partir del mes de agosto de 2023, admitida expresamente por el Decreto de Necesidad y Urgencia N\u00b0 70\/2023 y por el Decreto Provincial N\u00b0 312\/2024, afecta la correcta ejecuci\u00f3n y torna notablemente m\u00e1s onerosos los contratos de obra a lo largo y a lo ancho del pa\u00eds. Es dable destacar que el fideicomiso mencionado no recibe actualmente fondos por razones ajenas al EPSE, habi\u00e9ndose reclamado el cr\u00e9dito existente en virtud de los Contratos MEM Fideicomitidos a los fines de dar cumplimiento a lo pactado en el convenio entre el EPSE y la U.T que haga posible la ejecuci\u00f3n de la obra\u201d.<\/p>\n<p>\u201cLa U.T comunico la imposibilidad de continuar con la obra en los t\u00e9rminos actuales, argumentando entre otras cuestiones: insuficiencia del pliego contractual, condiciones geol\u00f3gicas heterog\u00e9neas y desconocidas, y sujeciones materiales imprevistas, producto de lo cual aduce se habr\u00eda producido la p\u00e9rdida de la segunda hidrofresa en obra y dem\u00e1s contingencias, indefiniciones de la comitente para la terminaci\u00f3n de la pantalla pl\u00e1stica, caso fortuito y hechos del pr\u00edncipe que imposibilitan el regular cumplimiento de sus obligaciones, dificultades en el acceso al MULC y la importaci\u00f3n de bienes y servicios, gastos improductivos, ruptura de la ecuaci\u00f3n econ\u00f3mica del contrato y la falta de certidumbre sobre el financiamiento de la obra a futuro; asimismo, efect\u00faa una cuantificaci\u00f3n de las consecuencias y\/o efectos que significar\u00eda la ruptura del contrato.<\/p>\n<p><em>L<\/em>os citados reclamos, se cuantificaron por la U.T en un total de m\u00e1s de D\u00d3LARES ESTADOUNIDENSES DOSCIENTOS MILLONES (U$S200.000.000), conforme detalle circunstanciado aportado al EPSE. En tal sentido, resulta evidente que la obra tiene un grado de avance del orden del 41,39% -habiendo la comitente reconocido mayores plazos y cronograma de obra sin haber hecho efectiva la ejecuci\u00f3n de penalidades contractuales-, que la parte restante del precio resulta cuantiosa sin que existan a la fecha cr\u00e9dito y garant\u00edas de financiamiento para la total terminaci\u00f3n de la obra y que la U.T ha manifestado el agravamiento de la ruptura de la ecuaci\u00f3n econ\u00f3mica financiera del contrato, lo cual tomar\u00eda extremadamente gravosa su posici\u00f3n contractual en las condiciones actuales de contrataci\u00f3n, adem\u00e1s de existir m\u00faltiples cuestiones t\u00e9cnicas vinculadas a la ejecuci\u00f3n de diferentes frentes de la obra que se encuentran pendientes de resoluci\u00f3n entre las partes y que han realizado esfuerzos para reconducir el contrato, a la vez que han explorado diferentes alternativas. En relaci\u00f3n al contrato, resulta de aplicaci\u00f3n supletoria, lo regulado en la Ley 128-A cuyo art\u00edculo 75 prev\u00e9: \u00abCuando no se den plenamente los supuestos de rescisi\u00f3n previstos en los Art\u00edculo 71, 72, 73 y 74 o cuando concurrieran las causales de unos y otros podr\u00e1 rescindirse el contrato, graduando, de com\u00fan acuerdo, las consecuencias que mencionan en los art\u00edculos 76, 77y 78\u00bb; resultando aplicable en los t\u00e9rminos, l\u00edmites y condiciones propias del contrato. Atento a la complejidad de las cuestiones planteadas y a la imposibilidad de arribar a soluciones mutuamente satisfactorias, siendo excesivamente onerosa e incierta la terminaci\u00f3n de la obra en las condiciones pactadas, resulta procedente rescindir bilateralmente el contrato graduando las consecuencias derivadas de la decisi\u00f3n acordada. Expuestos los fundamentos de la norma cuya sanci\u00f3n se impulsa, elevo a usted la misma para su tratamiento y aprobaci\u00f3n, conforme al art\u00edculo 150 inciso 2\u00b0 de la Constituci\u00f3n de la Provincia.<\/p>\n<p><span style=\"color: #666699;\"><strong>Mes de la Concientizaci\u00f3n del Cuidado de Biodiversidad<\/strong><\/span><\/p>\n<p>Luego, el cuerpo Legislativo aprob\u00f3 un proyecto de Ley presentado por el interbloque Cambia San Juan que el que establece el mes de mayo de cada a\u00f1o como mes de concientizaci\u00f3n del Cuidado de Biodiversidad. Este punto del orden del d\u00eda fue fundamentado por la diputada Mar\u00eda Lascano.<\/p>\n<p>A partir de esta normativa se promueve la educaci\u00f3n y concientizaci\u00f3n continua a toda la comunidad, mediante actividades de \u00edndole educativa, cient\u00edfica y cultural con el fin de promover la importancia de la biodiversidad y fomentar acciones para su conservaci\u00f3n y uso sostenible.<\/p>\n<p><span style=\"color: #666699;\"><strong>Modificaci\u00f3n del C\u00f3digo Procesal Civil, Comercial y de Miner\u00eda<\/strong><\/span><\/p>\n<p>Tambi\u00e9n, la Legislatura aprob\u00f3 un proyecto de Ley del interbloque Cambia San Juan que propone modificar el art\u00edculo 637 de la Ley 2415-O C\u00f3digo Procesal Civil, Comercial y de Miner\u00eda de la provincia de San Juan. En esta oportunidad habl\u00f3 la diputada Marcela Quiroga como miembro informante.<\/p>\n<p>De esta manera el texto de la normativa qued\u00f3 redactado de la siguiente manera:<\/p>\n<p>\u00abART\u00cdCULO 637.- Requisitos de la iniciaci\u00f3n.\u00a0Quien solicite la apertura del proceso sucesorio, debe justificar solamente y prima facie, su car\u00e1cter de parte leg\u00edtima, entendi\u00e9ndose por tal los herederos conforme la ley de fondo vigente, debiendo acompa\u00f1ar:<\/p>\n<p>Partida de defunci\u00f3n del causante y partidas que acrediten el v\u00ednculo que invoca,<\/p>\n<p>Certificaci\u00f3n del Registro de Juicios Universales de la inexistencia de testamento y de un sucesorio anterior del mismo causante.<\/p>\n<p>Si el causante hubiere hecho testamento y el solicitante conociere su existencia, debe presentarlo cuando est\u00e1 en su poder, o indicar el lugar donde se encuentra, si lo supiera.<\/p>\n<p>Cuando el causante falleci\u00f3 sin haber testado, debe denunciarse el nombre y domicilio de los herederos conocidos o sus representantes legales.\u00bb<\/p>\n<p><span style=\"color: #666699;\"><strong>Financiamiento de Capital de Trabajo<\/strong><\/span><\/p>\n<p>Por otra parte, los legisladores ratificaron el convenio suscripto entre la provincia de San Juan y el Banco San Juan S. A. sobre \u201cFinanciamiento de Capital de Trabajo- Descuento de Cheques de pago Diferido\u201d y sus anexos.<\/p>\n<p>El objetivo consiste en la implementaci\u00f3n de un mecanismo especial de bonificaci\u00f3n de la tasa de inter\u00e9s, a cargo de la Provincia, en los cr\u00e9ditos que sean otorgados por el Banco, suscripto el 20 de mayo de 2024, ratificado por Decreto N\u00b0 779-MPT el del 20 de mayo de 2024.<\/p>\n<p>En la ocasi\u00f3n, habl\u00f3 la diputada Rosana Luque como miembro informante.<\/p>\n<p><span style=\"color: #666699;\"><strong>Pr\u00e9stamos para Financiamiento de Proyectos de Inversi\u00f3n<\/strong><\/span><\/p>\n<p>Asimismo, ratificaron el Convenio celebrado entre la provincia de San Juan y el Banco San Juan S.A., sobre \u00abPr\u00e9stamos para Financiamiento de Proyectos de Inversi\u00f3n\u201d y sus Anexos I, II y III.<\/p>\n<p>Este asunto fue fundamentado por la diputada M\u00f3nica Gonz\u00e1lez. El objetivo del presente acuerdo consiste en la implementaci\u00f3n de un mecanismo especial de bonificaci\u00f3n de la tasa de inter\u00e9s, a cargo de la Provincia, en los cr\u00e9ditos que sean otorgados por el Banco, ratificado por Decreto N\u00b0 781-MPTel, del 20 de mayo de 2024.<\/p>\n<p><span style=\"color: #666699;\"><strong>Pr\u00e9stamos para emprendedores<\/strong><\/span><\/p>\n<p>Tambi\u00e9n, el cuerpo Legislativo aprob\u00f3 un proyecto de Ley presentado por el Poder Ejecutivo por el que se propone aprobar el Convenio celebrado entre el Gobierno de la Provincia y Banco San Juan S.A., referido a \u00abPr\u00e9stamos para Emprendedores\u00bb y sus Anexos I y II. La diputada Mar\u00eda Lascano fue la encargada de fundamentar este punto del orden del d\u00eda.<\/p>\n<p>El objetivo de este asunto consiste en la implementaci\u00f3n de un mecanismo especial de bonificaci\u00f3n de la tasa de inter\u00e9s a emprendedores y micro-emprendedores, a cargo de la Provincia, en los cr\u00e9ditos que sean otorgados por el Banco a Emprendedores y Micro-emprendedores, ratificado por Decreto N\u00b0 782-MPTel del 20 de mayo de 2024.<\/p>\n<p><span style=\"color: #666699;\"><strong>Ejecuci\u00f3n para la prestaci\u00f3n de comedores escolares<\/strong><\/span><\/p>\n<p>Tras la fundamentaci\u00f3n brindada por la diputada Marcela Quiroga, el cuerpo parlamentario ratific\u00f3 un convenio de ejecuci\u00f3n para la prestaci\u00f3n de comedores escolares, suscripto entre la Secretar\u00eda de Educaci\u00f3n del Ministerio de Capital Humano de la Naci\u00f3n y el Ministerio de Familia y Desarrollo Humano de la provincia de San Juan.<\/p>\n<p>Este acuerdo tiene por objeto realizar un aporte financiero no reintegrable, destinado a financiar el funcionamiento de Comedores Escolares de escuelas de gesti\u00f3n estatal de la Provincia a la que asisten ni\u00f1os y adolescentes priorizando desde los cuatro (4) hasta los catorce (14) a\u00f1os de edad inclusive.<\/p>\n<p><span style=\"color: #666699;\"><strong>Convenio de bonificaci\u00f3n de tasas de inter\u00e9s<\/strong><\/span><\/p>\n<p>Adem\u00e1s, la Legislatura aprob\u00f3 el convenio de bonificaci\u00f3n de tasas de inter\u00e9s entre la provincia de San Juan y el Banco de la Naci\u00f3n Argentina. En la oportunidad fundament\u00f3 el diputado Franco Aranda.<\/p>\n<p>Este asunto est\u00e1 destinado a financiar los gastos de cosecha y acarreo de uva y elaboraci\u00f3n de productos vitivin\u00edcolas durante la vendimia 2023, ratificado por Decreto N\u00b0 1197-MPTel del 4 de julio de 2024.<\/p>\n<p><span style=\"color: #666699;\"><strong>Pr\u00e9stamos Financieros para Capital de Trabajo<\/strong><\/span><\/p>\n<p>Luego de la explicaci\u00f3n de los argumentos brindada por la diputada Mar\u00eda Lascano, la Legislatura ratific\u00f3 el convenio \u201cPr\u00e9stamos Financiero para Capital de Trabajo\u201d y sus respectivos anexos, celebrado entre la provincia de San Juan y el Banco San Juan S.A.<\/p>\n<p>El objetivo de este acuerdo consiste en la implementaci\u00f3n de un mecanismo especial de bonificaci\u00f3n de la tasa de inter\u00e9s, a cargo de la Provincia, en los cr\u00e9ditos que sean otorgados por el Banco de acuerdo a su capacidad prestable; ratificado por Decreto N\u00b0 780-MPTel, del 20 de mayo de 2024.<\/p>\n<p><span style=\"color: #666699;\"><strong>Resoluciones<\/strong><\/span><\/p>\n<p>Por otra parte, la C\u00e1mara de Diputados resolvi\u00f3 declarar de inter\u00e9s:<\/p>\n<ul>\n<li><span style=\"color: #666699;\"><strong>Comunitario y social,<\/strong><\/span> las actividades llevadas a cabo por los productores de la Provincia de San Juan, a fin de lograr la registraci\u00f3n como denominaci\u00f3n de origen del esparrago de M\u00e9dano de Oro, mel\u00f3n de Sarmiento y dulce de membrillo rubio sanjuanino. (Presentado por el Interbloque Cambia San Juan)<\/li>\n<\/ul>\n<ul>\n<li><strong><span style=\"color: #666699;\">Educativo y ambiental,<\/span><\/strong> el VI Taller Regional sobre Rehabilitaci\u00f3n y Restauraci\u00f3n en la Diagonal \u00c1rida Argentina-San Juan 2024, organizado por el Centro de Investigaciones de la Ge\u00f3sfera y Biosfera (CIGEOBIO) CONICET \u2014 UNSJ, a llevarse cabo del 16 al 18 de octubre de 2024, en la provincia de San Juan. (Presentado por el interbloque Cambia San Juan)<\/li>\n<\/ul>\n<ul>\n<li><strong><span style=\"color: #666699;\">Social, cultural y educativo,\u00a0<\/span><\/strong>El Primer Congreso Internacional De Criminal\u00edstica y Ciencias Forenses,\u00a0a realizarse los d\u00edas 18, 19 y 20 de septiembre de 2024 en el centro de convenciones Guillermo Barrena Guzm\u00e1n, organizado por el Gobierno de la Provincia de San Juan, a trav\u00e9s de la Secretar\u00eda de Estado Seguridad y el Orden P\u00fablico. (Presentado por el interbloque Cambia San Juan)<\/li>\n<\/ul>\n<ul>\n<li><span style=\"color: #666699;\"><strong>Sanitario y educativo<\/strong><\/span> el\u00a0VII Simposio de la Enfermedad de Chagas,\u00a0organizado por el Ministerio de Salud de la Provincia, a llevarse a cabo el 30 de agosto de 2024, en el Sal\u00f3n Eloy Camus del Centro C\u00edvico, Provincia de San Juan. (Dos proyectos de Resoluci\u00f3n presentados por el interbloque Cambia San Juan y por el bloque Justicialista)<\/li>\n<\/ul>\n<ul>\n<li><strong><span style=\"color: #666699;\">Institucional, social y educativo,<\/span><\/strong>\u00a0El XXVII Encuentro de Jueces de Tribunales Orales del Poder Judicial de la Naci\u00f3n,\u00a0a realizarse los d\u00edas 29 y 30 de agosto de 2024 en la Provincia de San Juan, organizado por el Poder Judicial de la Naci\u00f3n, a trav\u00e9s del Tribunal Oral Federal. (Presentado por el interbloque Cambia San Juan)<\/li>\n<\/ul>\n<ul>\n<li><strong><span style=\"color: #666699;\">Social y cultural,<\/span><\/strong> al estreno del documental titulado\u00a0Lleg\u00f3 la Alegr\u00eda, Lleg\u00f3 el Amor,\u00a0dirigido por Gustavo Garz\u00f3n, el que relata la historia y logros del sanjuanino Daniel L\u00f3pez, conocido como Danielito. (Presentado por el bloque San Juan Te quiero)<\/li>\n<\/ul>\n<ul>\n<li><strong><span style=\"color: #666699;\">Social y educativo,<\/span><\/strong> el\u00a0Seminario de Rotary para L\u00edderes J\u00f3venes\u00a0(RYLA), a desarrollarse los d\u00edas 31 de agosto y 01 de septiembre de 2024, en la escuela Jos\u00e9 Manuel Estrada, del Departamento Rawson. (Presentado por el Interbloque Cambia San Juan)<\/li>\n<\/ul>\n<ul>\n<li><strong><span style=\"color: #666699;\">Cultural y social<\/span> <\/strong>el evento denominado\u00a0Sexag\u00e9simo Encuentro Nacional de Directores de Museos de la Rep\u00fablica Argentina,\u00a0a desarrollarse en la Sala Emar Acosta del edificio anexo de la C\u00e1mara de Diputados de San Juan, los d\u00edas 27 y 28 de septiembre del 2024. (Presentado por el Interbloque Cambia San Juan)<\/li>\n<\/ul>\n<ul>\n<li><strong><span style=\"color: #666699;\">Educativo y cultural,<\/span> <\/strong>el espect\u00e1culo musical\u00a0Demonios,\u00a0creaci\u00f3n original a cargo de Acapella Producciones e interpretada por artistas de San Juan, presentado en diversos colegios durante el mes de agosto en el Teatro Sarmiento de la Provincia. (Presentado por el Interbloque Cambia San Juan)<\/li>\n<\/ul>\n<ul>\n<li><strong><span style=\"color: #666699;\">Educativo,<\/span> <\/strong>el Primer Congreso sobre la Profesi\u00f3n Docente,\u00a0Los retos emergentes en contextos din\u00e1micos,\u00a0a llevarse a cabo el 3 y 4 de octubre de 2024, en el Instituto Superior de Formaci\u00f3n Docente (I.S.F.D.) Colegio Superior N\u00b01 de Rawson, Provincia de San Juan. (Presentado por el Interbloque Cambia San Juan)<\/li>\n<\/ul>\n<ul>\n<li><strong><span style=\"color: #666699;\">Educativo<\/span> <\/strong>las actividades institucionales a realizarse en el marco del programa establecido por la escuela Industrial Domingo Faustino Sarmiento,\u00a0Representaci\u00f3n de un Modelo de Naciones Unidas,\u00a0a desarrollarse 13 de septiembre del corriente a\u00f1o, en la C\u00e1mara de Diputados de la provincia de San Juan. (Presentado por el Interbloque Cambia San Juan)<\/li>\n<\/ul>\n<ul>\n<li><strong><span style=\"color: #666699;\">Social, tur\u00edstico y religioso,<\/span><\/strong> las actividades en el marco de la Fiesta Patronal en Honor a Santa Rosa de Lima, que se lleva a cabo en el departamento 25 de Mayo, del 23 de agosto al 01 de septiembre de 2024. \u00a0(Presentado por el bloque Justicialista)<\/li>\n<\/ul>\n<ul>\n<li><strong><span style=\"color: #666699;\">Social y educativo<\/span><\/strong> la\u00a0Diplomatura en Responsabilidad Social y Sustentabilidad,\u00a0organizada por el Ministerio de Familia y Desarrollo Humano de la provincia de San Juan, en conjunto con la Universidad Nacional de San Juan y la Universidad Cat\u00f3lica de Cuyo, a llevarse a cabo de septiembre a diciembre del corriente a\u00f1o en la Provincia. (Presentado por el interbloque Cambia San Juan)<\/li>\n<\/ul>\n<ul>\n<li><strong><span style=\"color: #666699;\">Educativo y cultural<\/span><\/strong> al Ciclo de charlas\u00a0Derecho de autor para autores,\u00a0coordinadas por la Sociedad Argentina de Escritores filial San Juan, y sus colaboradores en las Bibliotecas Populares, que se lleva a cabo en la Provincia de San Juan durante el segundo semestre del corriente a\u00f1o. (Presentado por el bloque interbloque Cambia San Juan)<\/li>\n<\/ul>\n<ul>\n<li><strong><span style=\"color: #666699;\">Social y educativo<\/span><\/strong> las actividades a realizarse en el marco la Semana de Prevenci\u00f3n del Suicidio cuyo lema es \u00abCONECTA Y CUIDA\u00bb, a realizarse desde el 7 hasta el 13 de septiembre del corriente a\u00f1o. (Presentado por Cambia San Juan)<\/li>\n<\/ul>\n<ul>\n<li><strong><span style=\"color: #666699;\">Deportivo, social y cultural<\/span> <\/strong>la participaci\u00f3n de la deportista Sanjuanina Mar\u00eda Jos\u00e9 Quiroga ciclista no vidente y a su gu\u00eda Micaela Barroso integrante de la Delegaci\u00f3n Argentina, en la cita m\u00e1xima del deporte mundial, los Juegos Paral\u00edmpicos Paris 2024. (Presentado por el bloque Justicialista)<\/li>\n<\/ul>\n<ul>\n<li><span style=\"color: #666699;\"><strong>Social y educativo<\/strong><\/span> el evento LUDO SAPIENS, que se lleva a cabo el d\u00eda 7 de septiembre de 2024 en el Museo Franklin Rawson. (Presentado por el Interbloque Cambia San Juan)<\/li>\n<\/ul>\n<ul>\n<li><strong><span style=\"color: #666699;\">Deportivo y social<\/span> <\/strong>el \u00abTorneo AJPP 6000 de P\u00e1del\u00bb, organizado por la Asociaci\u00f3n Sanjuanina de Padel (ASP), Circuito Cuyano de Padel (CIPUPA), conjuntamente con la Secretar\u00eda de Estado de Deportes del Gobierno de San Juan y la Asociaci\u00f3n de Jugadores Profesionales de P\u00e1del (AJPP), a realizarse desde el d\u00eda 3 al 8 de septiembre del a\u00f1o 2024 en el Estadio Aldo Cantoni. (Presentado por el Interbloque Cambia San Juan).<\/li>\n<\/ul>\n<ul>\n<li><span style=\"color: #666699;\"><strong>Religioso, cultural, social y recreativo<\/strong> <\/span>a la XLIV Peregrinaci\u00f3n Arquidiocesana de j\u00f3venes bajo el lema \u00abJoven yo te invito, lev\u00e1ntate y camina\u00bb organizado por el equipo de pastoral de Juventud Arquidiocesana; a desarrollarse el d\u00eda 1 de septiembre del corriente a\u00f1o. (Presentado por el Bloque Crecer)<\/li>\n<\/ul>\n<ul>\n<li><strong><span style=\"color: #666699;\">Educativo, cultural y social,<\/span><\/strong> el XXVI Encuentro Nacional llamado \u201cRe habitar lo colectivo: sentidos y pr\u00e1cticas en la formaci\u00f3n y ejercicio profesional del trabajo social en tiempos de mercantilizaci\u00f3n de la vida\u201d, organizado por la Federaci\u00f3n Argentina de Unidades Acad\u00e9micas de Trabajo Social. (Presentado por el Bloque Frente Grande)<\/li>\n<\/ul>\n<ul>\n<li><strong><span style=\"color: #666699;\">Deportivo y Social<\/span> <\/strong>al XXVIII Torneo Aniversario de la Escuela de la Asociaci\u00f3n Marcial Chaiu-Do-Kwan, organizada por la Asociaci\u00f3n Marcial Chaiu-Do-Kwan, conjuntamente con la Secretar\u00eda de Estado de Deportes, a realizarse desde el d\u00eda 14 al 15 de septiembre del a\u00f1o 2024 en el Estadio Aldo Cantoni, en la Provincia de San Juan\u00bb. (Presentado por el Interbloque Cambia San Juan).<\/li>\n<\/ul>\n<figure id=\"attachment_37951\" aria-describedby=\"caption-attachment-37951\" style=\"width: 800px\" class=\"wp-caption alignnone\"><img loading=\"lazy\" decoding=\"async\" class=\"size-full wp-image-37951\" src=\"https:\/\/vocesparalelas.com.ar\/sitio\/wp-content\/uploads\/2021\/05\/CAMARA-EDIFICIO.jpg\" alt=\"\" width=\"800\" height=\"515\" srcset=\"https:\/\/vocesparalelas.com.ar\/sitio\/wp-content\/uploads\/2021\/05\/CAMARA-EDIFICIO.jpg 800w, https:\/\/vocesparalelas.com.ar\/sitio\/wp-content\/uploads\/2021\/05\/CAMARA-EDIFICIO-300x193.jpg 300w, https:\/\/vocesparalelas.com.ar\/sitio\/wp-content\/uploads\/2021\/05\/CAMARA-EDIFICIO-768x494.jpg 768w\" sizes=\"auto, (max-width: 800px) 100vw, 800px\" \/><figcaption id=\"caption-attachment-37951\" class=\"wp-caption-text\">Legislatura Provincial de San Juan, Rep\u00fablica Argentina<\/figcaption><\/figure>\n","protected":false},"excerpt":{"rendered":"<p>Con la finalidad de promover la capacitaci\u00f3n de los estudiantes de nivel secundario en la atenci\u00f3n primaria b\u00e1sica del paro<\/p>\n","protected":false},"author":3,"featured_media":76317,"comment_status":"closed","ping_status":"closed","sticky":false,"template":"","format":"standard","meta":{"_acf_changed":false,"_seopress_robots_primary_cat":"none","_seopress_titles_title":"","_seopress_titles_desc":"","_seopress_robots_index":"","colormag_page_container_layout":"default_layout","colormag_page_sidebar_layout":"default_layout","footnotes":""},"categories":[2,7],"tags":[],"class_list":["post-76314","post","type-post","status-publish","format-standard","has-post-thumbnail","hentry","category-convocatorias","category-videos"],"acf":[],"_links":{"self":[{"href":"https:\/\/vocesparalelas.com.ar\/sitio\/wp-json\/wp\/v2\/posts\/76314","targetHints":{"allow":["GET"]}}],"collection":[{"href":"https:\/\/vocesparalelas.com.ar\/sitio\/wp-json\/wp\/v2\/posts"}],"about":[{"href":"https:\/\/vocesparalelas.com.ar\/sitio\/wp-json\/wp\/v2\/types\/post"}],"author":[{"embeddable":true,"href":"https:\/\/vocesparalelas.com.ar\/sitio\/wp-json\/wp\/v2\/users\/3"}],"replies":[{"embeddable":true,"href":"https:\/\/vocesparalelas.com.ar\/sitio\/wp-json\/wp\/v2\/comments?post=76314"}],"version-history":[{"count":1,"href":"https:\/\/vocesparalelas.com.ar\/sitio\/wp-json\/wp\/v2\/posts\/76314\/revisions"}],"predecessor-version":[{"id":76319,"href":"https:\/\/vocesparalelas.com.ar\/sitio\/wp-json\/wp\/v2\/posts\/76314\/revisions\/76319"}],"wp:featuredmedia":[{"embeddable":true,"href":"https:\/\/vocesparalelas.com.ar\/sitio\/wp-json\/wp\/v2\/media\/76317"}],"wp:attachment":[{"href":"https:\/\/vocesparalelas.com.ar\/sitio\/wp-json\/wp\/v2\/media?parent=76314"}],"wp:term":[{"taxonomy":"category","embeddable":true,"href":"https:\/\/vocesparalelas.com.ar\/sitio\/wp-json\/wp\/v2\/categories?post=76314"},{"taxonomy":"post_tag","embeddable":true,"href":"https:\/\/vocesparalelas.com.ar\/sitio\/wp-json\/wp\/v2\/tags?post=76314"}],"curies":[{"name":"wp","href":"https:\/\/api.w.org\/{rel}","templated":true}]}}