{"id":76255,"date":"2024-08-29T19:00:48","date_gmt":"2024-08-29T22:00:48","guid":{"rendered":"https:\/\/vocesparalelas.com.ar\/sitio\/?p=76255"},"modified":"2024-08-30T21:31:25","modified_gmt":"2024-08-31T00:31:25","slug":"1-edicion-del-concurso-olimpiadas-culturales-2024-en-san-juan","status":"publish","type":"post","link":"https:\/\/vocesparalelas.com.ar\/sitio\/1-edicion-del-concurso-olimpiadas-culturales-2024-en-san-juan\/","title":{"rendered":"1\u00b0 edici\u00f3n del Concurso \u00abOlimpiadas Culturales 2024\u00bb en San Juan"},"content":{"rendered":"<p>Con el objetivo de incentivar a ni\u00f1os, adolescentes, adultos mayores y personas con discapacidad a continuar desarrollando diversas disciplinas culturales, en noviembre se realizar\u00e1 en San Juan la primera edici\u00f3n de las \u201cOlimpiadas Culturales\u201d. La convocatoria es abierta a todos los municipios, y los interesados en participar tendr\u00e1n tiempo hasta el pr\u00f3ximo 20 de septiembre para inscribirse.<\/p>\n<p>La competencia contar\u00e1 con una primera instancia a nivel municipal, donde se elegir\u00e1n a los representantes departamentales de cada categor\u00eda y disciplina, quienes pasar\u00e1n a la final a nivel provincial, que se llevar\u00e1 a cabo los d\u00edas 30 de noviembre y 1 de diciembre.<\/p>\n<p>El concurso estar\u00e1 conformado por cinco categor\u00edas, seg\u00fan la edad de los participantes: sub 15, para chicos de 12 a 15 a\u00f1os; sub 18, para adolescentes de 16 a 18 a\u00f1os; personas con discapacidad de 12 a 18 a\u00f1os; categor\u00eda \u00fanica de 12 a 18 a\u00f1os; y el grupo de adultos mayores, de 60 a\u00f1os o m\u00e1s.<\/p>\n<p>Los interesados en participar podr\u00e1n anotarse en alguna de las 10 disciplinas de las \u201cOlimpiadas Culturales\u201d y ser\u00e1n evaluados por un jurado, dependiendo del tipo de presentaci\u00f3n que realicen, ya sea de manera virtual o presencial.<\/p>\n<p>Las disciplinas con evaluaci\u00f3n virtual ser\u00e1n: fotograf\u00eda, dibujo, cuento o poes\u00eda, y videominuto para las categor\u00edas sub 15 y sub 18; fotograf\u00eda, pintura o dibujo, cuento o poes\u00eda para adultos mayores; y fotograf\u00eda para personas con discapacidad.<\/p>\n<p>En cuanto a las evaluadas de manera presencial, se incluyen: compositor solista y danza para las categor\u00edas sub 15 y sub 18; compositor solista, danza y teatro unipersonal o grupal para los adultos mayores; mientras que la categor\u00eda \u00fanica podr\u00e1 demostrar sus habilidades en d\u00fao o tr\u00edo ac\u00fastico, teatro individual o grupal y danza libre.<\/p>\n<p>El cierre de la convocatoria ser\u00e1 el pr\u00f3ximo 20 de septiembre, y la elecci\u00f3n de los representantes municipales se llevar\u00e1 a cabo entre el 7 y el 15 de octubre para presentarse en la gran final provincial a finales de noviembre.<\/p>\n<p><strong><span style=\"color: #ff6600;\">Inscripci\u00f3n<\/span><\/strong><\/p>\n<p>Para anotarse en las disciplinas bajo la modalidad virtual, deben completar el siguiente formulario<\/p>\n<p><a href=\"https:\/\/docs.google.com\/forms\/d\/e\/1FAIpQLSelTY20y8_s4Wf_S6_BrMZcSaQ9negzLnAGN6_0TyH6YLPdLg\/viewform\">https:\/\/docs.google.com\/forms\/d\/e\/1FAIpQLSelTY20y8_s4Wf_S6_BrMZcSaQ9negzLnAGN6_0TyH6YLPdLg\/viewform<\/a><\/p>\n<p>Para las disciplinas presenciales<\/p>\n<p><a href=\"https:\/\/docs.google.com\/forms\/d\/e\/1FAIpQLSfRLng4_ODZU8ScnPUBl_ePM0QJMKfE9meq2SRXl7WLttQmfw\/viewform\">https:\/\/docs.google.com\/forms\/d\/e\/1FAIpQLSfRLng4_ODZU8ScnPUBl_ePM0QJMKfE9meq2SRXl7WLttQmfw\/viewform<\/a><\/p>\n<p>Las bases, condiciones y reglamento del concurso<\/p>\n<p>&nbsp;<\/p>\n<p>&nbsp;<\/p>\n","protected":false},"excerpt":{"rendered":"<p>Con el objetivo de incentivar a ni\u00f1os, adolescentes, adultos mayores y personas con discapacidad a continuar desarrollando diversas disciplinas culturales,<\/p>\n","protected":false},"author":3,"featured_media":41321,"comment_status":"closed","ping_status":"closed","sticky":false,"template":"","format":"standard","meta":{"_acf_changed":false,"_seopress_robots_primary_cat":"none","_seopress_titles_title":"","_seopress_titles_desc":"","_seopress_robots_index":"","colormag_page_container_layout":"default_layout","colormag_page_sidebar_layout":"default_layout","footnotes":""},"categories":[8],"tags":[],"class_list":["post-76255","post","type-post","status-publish","format-standard","has-post-thumbnail","hentry","category-concursos"],"acf":[],"_links":{"self":[{"href":"https:\/\/vocesparalelas.com.ar\/sitio\/wp-json\/wp\/v2\/posts\/76255","targetHints":{"allow":["GET"]}}],"collection":[{"href":"https:\/\/vocesparalelas.com.ar\/sitio\/wp-json\/wp\/v2\/posts"}],"about":[{"href":"https:\/\/vocesparalelas.com.ar\/sitio\/wp-json\/wp\/v2\/types\/post"}],"author":[{"embeddable":true,"href":"https:\/\/vocesparalelas.com.ar\/sitio\/wp-json\/wp\/v2\/users\/3"}],"replies":[{"embeddable":true,"href":"https:\/\/vocesparalelas.com.ar\/sitio\/wp-json\/wp\/v2\/comments?post=76255"}],"version-history":[{"count":4,"href":"https:\/\/vocesparalelas.com.ar\/sitio\/wp-json\/wp\/v2\/posts\/76255\/revisions"}],"predecessor-version":[{"id":76356,"href":"https:\/\/vocesparalelas.com.ar\/sitio\/wp-json\/wp\/v2\/posts\/76255\/revisions\/76356"}],"wp:featuredmedia":[{"embeddable":true,"href":"https:\/\/vocesparalelas.com.ar\/sitio\/wp-json\/wp\/v2\/media\/41321"}],"wp:attachment":[{"href":"https:\/\/vocesparalelas.com.ar\/sitio\/wp-json\/wp\/v2\/media?parent=76255"}],"wp:term":[{"taxonomy":"category","embeddable":true,"href":"https:\/\/vocesparalelas.com.ar\/sitio\/wp-json\/wp\/v2\/categories?post=76255"},{"taxonomy":"post_tag","embeddable":true,"href":"https:\/\/vocesparalelas.com.ar\/sitio\/wp-json\/wp\/v2\/tags?post=76255"}],"curies":[{"name":"wp","href":"https:\/\/api.w.org\/{rel}","templated":true}]}}