{"id":76214,"date":"2024-08-27T20:28:24","date_gmt":"2024-08-27T23:28:24","guid":{"rendered":"https:\/\/vocesparalelas.com.ar\/sitio\/?p=76214"},"modified":"2024-08-27T20:28:24","modified_gmt":"2024-08-27T23:28:24","slug":"se-inauguro-las-obras-de-fray-justo-santa-maria-de-oro-de-rivadavia","status":"publish","type":"post","link":"https:\/\/vocesparalelas.com.ar\/sitio\/se-inauguro-las-obras-de-fray-justo-santa-maria-de-oro-de-rivadavia\/","title":{"rendered":"Se inaugur\u00f3 las obras de Fray Justo Santa Mar\u00eda de Oro de Rivadavia"},"content":{"rendered":"<p>La Municipalidad de la Ciudad de Rivadavia habilit\u00f3 las obras de cord\u00f3n, zapata y banquina de Fray Justo Santa Mar\u00eda de Oro entre Av. Libertador Gral. San Mart\u00edn y Amable Jones.<\/p>\n<p>Por ello, el Intendente de la Municipalidad de la Ciudad de Rivadavia, Sergio Miodowsky junto a comitiva y vecinos recorrieron caminando observando los 380 metros lineales de cord\u00f3n y zapata y los 200 metros cuadrados de banquina. Adem\u00e1s, recorrieron los 160 metros cuadrados de vereda y admiraron la pintura general de la obra.<\/p>\n<p><img loading=\"lazy\" decoding=\"async\" class=\"alignnone size-full wp-image-76218\" src=\"https:\/\/vocesparalelas.com.ar\/sitio\/wp-content\/uploads\/2024\/08\/RIVADAVIA-SERGIO-02.jpg\" alt=\"\" width=\"800\" height=\"533\" srcset=\"https:\/\/vocesparalelas.com.ar\/sitio\/wp-content\/uploads\/2024\/08\/RIVADAVIA-SERGIO-02.jpg 800w, https:\/\/vocesparalelas.com.ar\/sitio\/wp-content\/uploads\/2024\/08\/RIVADAVIA-SERGIO-02-300x200.jpg 300w, https:\/\/vocesparalelas.com.ar\/sitio\/wp-content\/uploads\/2024\/08\/RIVADAVIA-SERGIO-02-768x512.jpg 768w\" sizes=\"auto, (max-width: 800px) 100vw, 800px\" \/><\/p>\n<p>La ocasi\u00f3n fue propicia para que Miodowsky se reuniera con los vecinos, quienes celebraron la mejora en la circulaci\u00f3n vehicular y peatonal y agradecieron el compromiso de la Municipalidad de la Ciudad de Rivadavia con el bienestar de la comunidad.<\/p>\n<p>\u00abEstamos construyendo un futuro mejor para Rivadavia, y trabajamos incansablemente para brindar condiciones de vida \u00f3ptimas a nuestros ciudadanos\u201d, destac\u00f3 el Jefe Comunal.<\/p>\n<p>El Intendente Sergio Miodowsky y la Municipalidad de la Ciudad de Rivadavia, celebran los 116 a\u00f1os del departamento con obras, movilidades y cultura para sus vecinos.<\/p>\n<p><img loading=\"lazy\" decoding=\"async\" class=\"alignnone size-full wp-image-66896\" src=\"https:\/\/vocesparalelas.com.ar\/sitio\/wp-content\/uploads\/2023\/12\/RIVADAVIA-LOGO-NUEVO.jpg\" alt=\"\" width=\"800\" height=\"533\" srcset=\"https:\/\/vocesparalelas.com.ar\/sitio\/wp-content\/uploads\/2023\/12\/RIVADAVIA-LOGO-NUEVO.jpg 800w, https:\/\/vocesparalelas.com.ar\/sitio\/wp-content\/uploads\/2023\/12\/RIVADAVIA-LOGO-NUEVO-300x200.jpg 300w, https:\/\/vocesparalelas.com.ar\/sitio\/wp-content\/uploads\/2023\/12\/RIVADAVIA-LOGO-NUEVO-768x512.jpg 768w\" sizes=\"auto, (max-width: 800px) 100vw, 800px\" \/><\/p>\n<p>&nbsp;<\/p>\n","protected":false},"excerpt":{"rendered":"<p>La Municipalidad de la Ciudad de Rivadavia habilit\u00f3 las obras de cord\u00f3n, zapata y banquina de Fray Justo Santa Mar\u00eda<\/p>\n","protected":false},"author":3,"featured_media":76217,"comment_status":"closed","ping_status":"closed","sticky":false,"template":"","format":"standard","meta":{"_acf_changed":false,"_seopress_robots_primary_cat":"none","_seopress_titles_title":"","_seopress_titles_desc":"","_seopress_robots_index":"","colormag_page_container_layout":"default_layout","colormag_page_sidebar_layout":"default_layout","footnotes":""},"categories":[1],"tags":[],"class_list":["post-76214","post","type-post","status-publish","format-standard","has-post-thumbnail","hentry","category-destacadas"],"acf":[],"_links":{"self":[{"href":"https:\/\/vocesparalelas.com.ar\/sitio\/wp-json\/wp\/v2\/posts\/76214","targetHints":{"allow":["GET"]}}],"collection":[{"href":"https:\/\/vocesparalelas.com.ar\/sitio\/wp-json\/wp\/v2\/posts"}],"about":[{"href":"https:\/\/vocesparalelas.com.ar\/sitio\/wp-json\/wp\/v2\/types\/post"}],"author":[{"embeddable":true,"href":"https:\/\/vocesparalelas.com.ar\/sitio\/wp-json\/wp\/v2\/users\/3"}],"replies":[{"embeddable":true,"href":"https:\/\/vocesparalelas.com.ar\/sitio\/wp-json\/wp\/v2\/comments?post=76214"}],"version-history":[{"count":1,"href":"https:\/\/vocesparalelas.com.ar\/sitio\/wp-json\/wp\/v2\/posts\/76214\/revisions"}],"predecessor-version":[{"id":76219,"href":"https:\/\/vocesparalelas.com.ar\/sitio\/wp-json\/wp\/v2\/posts\/76214\/revisions\/76219"}],"wp:featuredmedia":[{"embeddable":true,"href":"https:\/\/vocesparalelas.com.ar\/sitio\/wp-json\/wp\/v2\/media\/76217"}],"wp:attachment":[{"href":"https:\/\/vocesparalelas.com.ar\/sitio\/wp-json\/wp\/v2\/media?parent=76214"}],"wp:term":[{"taxonomy":"category","embeddable":true,"href":"https:\/\/vocesparalelas.com.ar\/sitio\/wp-json\/wp\/v2\/categories?post=76214"},{"taxonomy":"post_tag","embeddable":true,"href":"https:\/\/vocesparalelas.com.ar\/sitio\/wp-json\/wp\/v2\/tags?post=76214"}],"curies":[{"name":"wp","href":"https:\/\/api.w.org\/{rel}","templated":true}]}}