{"id":76188,"date":"2024-08-26T21:02:46","date_gmt":"2024-08-27T00:02:46","guid":{"rendered":"https:\/\/vocesparalelas.com.ar\/sitio\/?p=76188"},"modified":"2024-08-28T00:38:11","modified_gmt":"2024-08-28T03:38:11","slug":"5-concurso-premio-franklin-rawson-a-las-artes-visuales-desde-san-juan-para-san-juan-en-el-mundo","status":"publish","type":"post","link":"https:\/\/vocesparalelas.com.ar\/sitio\/5-concurso-premio-franklin-rawson-a-las-artes-visuales-desde-san-juan-para-san-juan-en-el-mundo\/","title":{"rendered":"5\u00b0 Concurso \u00abPremio Franklin Rawson a las Artes Visuales\u00bb desde San Juan para San Juan en el mundo"},"content":{"rendered":"<p>El Muse Provincial de Bellas Artes Franklin Rawson, la Fundaci\u00f3n del Banco San Juan y el Ministerio de Turismo, Cultura y Deporte del Gobierno de San Juan se unieron para lanzar el 5\u00b0 Concurso \u00abPremio Franklin Rawson a las Artes Visuales\u00bb que se inicia el 2 de Septiembre de 2024.<\/p>\n<p>Lo novedoso del concurso es que est\u00e1 destinado a los artistas Artes Visuales nacidos en San Juan que pueden residir o no en San Juan. Esto significa que naci\u00f3 en San Juan pero reside en otra provincia de la Argentina o en otro pa\u00eds. Lo importante es que haya nacido en San Juan.<\/p>\n<p>Otro aspecto muy significativo es logra por la fusi\u00f3n de colaboraci\u00f3n entre una instituci\u00f3n crediticia privada como es el Banco San Juan que se expresa a trav\u00e9s de la Fundaci\u00f3n del Banco San Juan y una instituci\u00f3n estatal como es Ministerio de Turismo, Cultura y Deporte del Gobierno de San Juan.<\/p>\n<p><img loading=\"lazy\" decoding=\"async\" class=\"alignnone size-full wp-image-76191\" src=\"https:\/\/vocesparalelas.com.ar\/sitio\/wp-content\/uploads\/2024\/08\/FBSJ-CONCURSO-MPBAFR-01.jpg\" alt=\"\" width=\"800\" height=\"533\" srcset=\"https:\/\/vocesparalelas.com.ar\/sitio\/wp-content\/uploads\/2024\/08\/FBSJ-CONCURSO-MPBAFR-01.jpg 800w, https:\/\/vocesparalelas.com.ar\/sitio\/wp-content\/uploads\/2024\/08\/FBSJ-CONCURSO-MPBAFR-01-300x200.jpg 300w, https:\/\/vocesparalelas.com.ar\/sitio\/wp-content\/uploads\/2024\/08\/FBSJ-CONCURSO-MPBAFR-01-768x512.jpg 768w\" sizes=\"auto, (max-width: 800px) 100vw, 800px\" \/><\/p>\n<p>Por ello, el Director del MPBAFR, Lic. Emanuel D\u00edaz explic\u00f3 que \u00abel concurso se lanza para que participen los artistas de San Juan que son muchos que han presentado en otras ediciones propuestas in\u00e9ditas y esperamos que esta edici\u00f3n surjan m\u00e1s propuestas porque refleja el nivel que producen nuestros artistas\u00bb.<\/p>\n<p><iframe loading=\"lazy\" title=\"MPBAFR LIC EMANUEL DIAZ\" width=\"800\" height=\"450\" src=\"https:\/\/www.youtube.com\/embed\/f_28hMD-z2k?feature=oembed\" frameborder=\"0\" allow=\"accelerometer; autoplay; clipboard-write; encrypted-media; gyroscope; picture-in-picture; web-share\" referrerpolicy=\"strict-origin-when-cross-origin\" allowfullscreen><\/iframe><\/p>\n<p>&nbsp;<\/p>\n<p>Luego, la Secretaria Ejecutiva de la FBSJ, Prof. Laura Ad\u00e1moli puntualiz\u00f3 que \u00abes un honor apoya el Concurso del Museo porque es una forma que los artistas de San Juan muestren lo que saben expresar a trav\u00e9s del arte visual\u00bb.<\/p>\n<p><iframe loading=\"lazy\" title=\"MPBAFR FBSJ PROF LAURA ADAMOLI\" width=\"800\" height=\"450\" src=\"https:\/\/www.youtube.com\/embed\/o2NXCkNGoCg?feature=oembed\" frameborder=\"0\" allow=\"accelerometer; autoplay; clipboard-write; encrypted-media; gyroscope; picture-in-picture; web-share\" referrerpolicy=\"strict-origin-when-cross-origin\" allowfullscreen><\/iframe><\/p>\n<p>&nbsp;<\/p>\n<p>Seguidamente, el Secretario de Cultura, Eduardo Varela agradeci\u00f3 la iniciativa del concurso porque es mostrar lo que San Juan produce desde el Arte Visual.<\/p>\n<p>Por \u00faltimo, el el Director del MPBAFR, Lic. Emanuel D\u00edaz\u00a0 invit\u00f3 a sumarse al Concurso desde San Juan hasta San Juan del Mundo cuyos artistas producen artes y arte. Las bases y condiciones del Concurso est\u00e1n en\u00a0<a href=\"https:\/\/linktr.ee\/museo_franklin_rawson\">https:\/\/linktr.ee\/museo_franklin_rawson<\/a><\/p>\n<p>&nbsp;<\/p>\n<p><iframe loading=\"lazy\" title=\"MPBAFR FBSJ LIC EMANUEL D\u00cdAZ\" width=\"800\" height=\"450\" src=\"https:\/\/www.youtube.com\/embed\/cw5RPOma4lg?feature=oembed\" frameborder=\"0\" allow=\"accelerometer; autoplay; clipboard-write; encrypted-media; gyroscope; picture-in-picture; web-share\" referrerpolicy=\"strict-origin-when-cross-origin\" allowfullscreen><\/iframe><\/p>\n<p>&nbsp;<\/p>\n<p><strong><span style=\"color: #0000ff;\">Objetivo <\/span><\/strong><\/p>\n<p>El objetivo es seleccionar y premiar dos (2) obras adquisici\u00f3n que forman parte de la colecci\u00f3n permanente del MPBA|FR y 4 (cuatro) menciones especiales -sin adquisici\u00f3n- como premio est\u00edmulo a las artes visuales de la provincia de San Juan. De esta manera\u00a0se pretende reconocer, fomentar y difundir la producci\u00f3n art\u00edstica local, como as\u00ed tambi\u00e9n estimular el trabajo de la pr\u00e1ctica art\u00edstica de la provincia.<\/p>\n<p><strong><span style=\"color: #0000ff;\">Premios<\/span><\/strong><\/p>\n<p>El primer premio es otorgado por Fundaci\u00f3n Banco San Juan; el segundo premio y menciones\u00a0por el Museo de Bellas Artes Franklin Rawson a trav\u00e9s del Ministerio de Turismo, Cultura y Deporte del Gobierno de San Juan; la Secretar\u00eda de Cultura y Agencia San Juan del Bicentenario.<\/p>\n<figure id=\"attachment_39924\" aria-describedby=\"caption-attachment-39924\" style=\"width: 800px\" class=\"wp-caption alignnone\"><img loading=\"lazy\" decoding=\"async\" class=\"size-full wp-image-39924\" src=\"https:\/\/vocesparalelas.com.ar\/sitio\/wp-content\/uploads\/2021\/07\/MPBAFR-OBRA-02.jpg\" alt=\"\" width=\"800\" height=\"533\" srcset=\"https:\/\/vocesparalelas.com.ar\/sitio\/wp-content\/uploads\/2021\/07\/MPBAFR-OBRA-02.jpg 800w, https:\/\/vocesparalelas.com.ar\/sitio\/wp-content\/uploads\/2021\/07\/MPBAFR-OBRA-02-300x200.jpg 300w, https:\/\/vocesparalelas.com.ar\/sitio\/wp-content\/uploads\/2021\/07\/MPBAFR-OBRA-02-768x512.jpg 768w\" sizes=\"auto, (max-width: 800px) 100vw, 800px\" \/><figcaption id=\"caption-attachment-39924\" class=\"wp-caption-text\">Museo Provincial de Bellas Artes Franklin Rawson, Provincia de San Juan, Rep\u00fablica Argentina<\/figcaption><\/figure>\n<p>&nbsp;<\/p>\n","protected":false},"excerpt":{"rendered":"<p>El Muse Provincial de Bellas Artes Franklin Rawson, la Fundaci\u00f3n del Banco San Juan y el Ministerio de Turismo, Cultura<\/p>\n","protected":false},"author":3,"featured_media":76192,"comment_status":"closed","ping_status":"closed","sticky":false,"template":"","format":"standard","meta":{"_acf_changed":false,"_seopress_robots_primary_cat":"none","_seopress_titles_title":"","_seopress_titles_desc":"","_seopress_robots_index":"","colormag_page_container_layout":"default_layout","colormag_page_sidebar_layout":"default_layout","footnotes":""},"categories":[8,7],"tags":[],"class_list":["post-76188","post","type-post","status-publish","format-standard","has-post-thumbnail","hentry","category-concursos","category-videos"],"acf":[],"_links":{"self":[{"href":"https:\/\/vocesparalelas.com.ar\/sitio\/wp-json\/wp\/v2\/posts\/76188","targetHints":{"allow":["GET"]}}],"collection":[{"href":"https:\/\/vocesparalelas.com.ar\/sitio\/wp-json\/wp\/v2\/posts"}],"about":[{"href":"https:\/\/vocesparalelas.com.ar\/sitio\/wp-json\/wp\/v2\/types\/post"}],"author":[{"embeddable":true,"href":"https:\/\/vocesparalelas.com.ar\/sitio\/wp-json\/wp\/v2\/users\/3"}],"replies":[{"embeddable":true,"href":"https:\/\/vocesparalelas.com.ar\/sitio\/wp-json\/wp\/v2\/comments?post=76188"}],"version-history":[{"count":2,"href":"https:\/\/vocesparalelas.com.ar\/sitio\/wp-json\/wp\/v2\/posts\/76188\/revisions"}],"predecessor-version":[{"id":76198,"href":"https:\/\/vocesparalelas.com.ar\/sitio\/wp-json\/wp\/v2\/posts\/76188\/revisions\/76198"}],"wp:featuredmedia":[{"embeddable":true,"href":"https:\/\/vocesparalelas.com.ar\/sitio\/wp-json\/wp\/v2\/media\/76192"}],"wp:attachment":[{"href":"https:\/\/vocesparalelas.com.ar\/sitio\/wp-json\/wp\/v2\/media?parent=76188"}],"wp:term":[{"taxonomy":"category","embeddable":true,"href":"https:\/\/vocesparalelas.com.ar\/sitio\/wp-json\/wp\/v2\/categories?post=76188"},{"taxonomy":"post_tag","embeddable":true,"href":"https:\/\/vocesparalelas.com.ar\/sitio\/wp-json\/wp\/v2\/tags?post=76188"}],"curies":[{"name":"wp","href":"https:\/\/api.w.org\/{rel}","templated":true}]}}