{"id":76124,"date":"2024-08-25T11:47:04","date_gmt":"2024-08-25T14:47:04","guid":{"rendered":"https:\/\/vocesparalelas.com.ar\/sitio\/?p=76124"},"modified":"2024-08-25T12:05:40","modified_gmt":"2024-08-25T15:05:40","slug":"fundame-agasajo-a-los-ninos-y-a-las-familias-en-el-mes-de-la-infancia-en-san-juan","status":"publish","type":"post","link":"https:\/\/vocesparalelas.com.ar\/sitio\/fundame-agasajo-a-los-ninos-y-a-las-familias-en-el-mes-de-la-infancia-en-san-juan\/","title":{"rendered":"FundaME agasaj\u00f3 a los ni\u00f1os y a las familias en el Mes de la Infancia en San Juan"},"content":{"rendered":"<p>En el mes de las infancias, el gobernador de San Juan, Dr. Marcelo Orrego particip\u00f3 de distintos festejos con la participaci\u00f3n de gran cantidad de ni\u00f1os y de familias que disfrutaron las distintas actividades organizadas por el Gobierno de San Juan.<\/p>\n<p>Es as\u00ed que, el S\u00e1bado, 24 de agosto FundaME festej\u00f3 un especial momento para los ni\u00f1os de la instituci\u00f3nen un festejo especial.<\/p>\n<p>Es importante recordar que, la \u201cFundaci\u00f3n Mar\u00eda Echenique\u201d &#8211; Fundame -. es una instituci\u00f3n solidaria que trabaja en ayudar a las familias de los ni\u00f1os y adolescentes con c\u00e1ncer.<\/p>\n<p>Por ello, la fundaci\u00f3n realiz\u00f3 un encuentro para los ni\u00f1os que son pacientes oncol\u00f3gicos y sus familiares por el d\u00eda de las Infancias, en el sal\u00f3n Esteso, Departamento Santa Luc\u00eda.<\/p>\n<p>La alegr\u00eda de los ni\u00f1os y familiares fue cuando lleg\u00f3 el gobernador Dr. Marcelo Orrego acompa\u00f1ado por el ministro de Familia y Desarrollo Humano, Prof. Carlos Platero y el diputado provincial Carlos Jaime y concejales del departamento, quienes compartieron el festejo.<\/p>\n<p>La presidenta de FundaME, Mar\u00eda del Valle Garc\u00eda agradeci\u00f3 la visita del Gobernador y son 130 ni\u00f1os los que est\u00e1n en la instituci\u00f3n y participan de la actividad.<\/p>\n<p>&nbsp;<\/p>\n<p><iframe loading=\"lazy\" title=\"Orrego festej\u00f3 el d\u00eda del ni\u00f1o en Rivadavia y en FUNDAME\" width=\"800\" height=\"450\" src=\"https:\/\/www.youtube.com\/embed\/NWeeXVoSqbI?feature=oembed\" frameborder=\"0\" allow=\"accelerometer; autoplay; clipboard-write; encrypted-media; gyroscope; picture-in-picture; web-share\" referrerpolicy=\"strict-origin-when-cross-origin\" allowfullscreen><\/iframe><\/p>\n","protected":false},"excerpt":{"rendered":"<p>En el mes de las infancias, el gobernador de San Juan, Dr. Marcelo Orrego particip\u00f3 de distintos festejos con la<\/p>\n","protected":false},"author":3,"featured_media":76134,"comment_status":"closed","ping_status":"closed","sticky":false,"template":"","format":"standard","meta":{"_acf_changed":false,"_seopress_robots_primary_cat":"none","_seopress_titles_title":"","_seopress_titles_desc":"","_seopress_robots_index":"","colormag_page_container_layout":"default_layout","colormag_page_sidebar_layout":"default_layout","footnotes":""},"categories":[1,7],"tags":[],"class_list":["post-76124","post","type-post","status-publish","format-standard","has-post-thumbnail","hentry","category-destacadas","category-videos"],"acf":[],"_links":{"self":[{"href":"https:\/\/vocesparalelas.com.ar\/sitio\/wp-json\/wp\/v2\/posts\/76124","targetHints":{"allow":["GET"]}}],"collection":[{"href":"https:\/\/vocesparalelas.com.ar\/sitio\/wp-json\/wp\/v2\/posts"}],"about":[{"href":"https:\/\/vocesparalelas.com.ar\/sitio\/wp-json\/wp\/v2\/types\/post"}],"author":[{"embeddable":true,"href":"https:\/\/vocesparalelas.com.ar\/sitio\/wp-json\/wp\/v2\/users\/3"}],"replies":[{"embeddable":true,"href":"https:\/\/vocesparalelas.com.ar\/sitio\/wp-json\/wp\/v2\/comments?post=76124"}],"version-history":[{"count":1,"href":"https:\/\/vocesparalelas.com.ar\/sitio\/wp-json\/wp\/v2\/posts\/76124\/revisions"}],"predecessor-version":[{"id":76128,"href":"https:\/\/vocesparalelas.com.ar\/sitio\/wp-json\/wp\/v2\/posts\/76124\/revisions\/76128"}],"wp:featuredmedia":[{"embeddable":true,"href":"https:\/\/vocesparalelas.com.ar\/sitio\/wp-json\/wp\/v2\/media\/76134"}],"wp:attachment":[{"href":"https:\/\/vocesparalelas.com.ar\/sitio\/wp-json\/wp\/v2\/media?parent=76124"}],"wp:term":[{"taxonomy":"category","embeddable":true,"href":"https:\/\/vocesparalelas.com.ar\/sitio\/wp-json\/wp\/v2\/categories?post=76124"},{"taxonomy":"post_tag","embeddable":true,"href":"https:\/\/vocesparalelas.com.ar\/sitio\/wp-json\/wp\/v2\/tags?post=76124"}],"curies":[{"name":"wp","href":"https:\/\/api.w.org\/{rel}","templated":true}]}}