{"id":76095,"date":"2024-08-23T18:06:29","date_gmt":"2024-08-23T21:06:29","guid":{"rendered":"https:\/\/vocesparalelas.com.ar\/sitio\/?p=76095"},"modified":"2024-08-26T20:14:36","modified_gmt":"2024-08-26T23:14:36","slug":"cambio-de-horario-de-atencion-al-publico-en-la-dgr-de-san-juan","status":"publish","type":"post","link":"https:\/\/vocesparalelas.com.ar\/sitio\/cambio-de-horario-de-atencion-al-publico-en-la-dgr-de-san-juan\/","title":{"rendered":"Cambio de horario de atenci\u00f3n al p\u00fablico en la DGR de San Juan"},"content":{"rendered":"<p>La Direcci\u00f3n General de Rentas de San Juan, dependiente del Ministerio de Econom\u00eda, Finanzas y Hacienda, informa a la comunidad que, a partir del Lunes, 26 de Agosto, el horario de atenci\u00f3n al p\u00fablico es de de Lunes a Viernes, de 7:15 a 14:45 hs.; en la planta baja del Centro C\u00edvico,<\/p>\n<p>Adem\u00e1s, recuerdan que los tr\u00e1mites pueden hacerse de manera digital las 24 hs desde la p\u00e1gina web\u00a0de la DGR<\/p>\n<p><a href=\"https:\/\/rentas.dgrsj.gob.ar\/\">https:\/\/rentas.dgrsj.gob.ar\/<\/a><\/p>\n<p>Asimismo, se encuentran vigentes los beneficios de la Moratoria hasta el 30 de Septiembre de 2024, con descuentos de 100% sin intereses, si se paga de contado; y de 30% de descuento con intereses, si se paga en cuotas. Durante el mes de Octubre, el descuento es s\u00f3lo del 10% sin intereses.<\/p>\n<p>Para adherirse a la Moratoria 2024, es indispensable ingresar a\u00a0<a href=\"https:\/\/rentas.dgrsj.gob.ar\/\">https:\/\/rentas.dgrsj.gob.ar<\/a>\u00a0con clave de ciudadano digital.<\/p>\n<p>La p\u00e1gina web de la Direcci\u00f3n General de Rentas &#8211; DGR &#8211; cuenta con una estructura simple y accesible que permite realizar todos los tr\u00e1mites de la Moratoria de forma online, desde la comodidad de su hogar.<\/p>\n<p><img loading=\"lazy\" decoding=\"async\" class=\"alignnone size-full wp-image-65642\" src=\"https:\/\/vocesparalelas.com.ar\/sitio\/wp-content\/uploads\/2023\/11\/GOBIERNO-SAN-JUAN.jpg\" alt=\"\" width=\"800\" height=\"600\" srcset=\"https:\/\/vocesparalelas.com.ar\/sitio\/wp-content\/uploads\/2023\/11\/GOBIERNO-SAN-JUAN.jpg 800w, https:\/\/vocesparalelas.com.ar\/sitio\/wp-content\/uploads\/2023\/11\/GOBIERNO-SAN-JUAN-300x225.jpg 300w, https:\/\/vocesparalelas.com.ar\/sitio\/wp-content\/uploads\/2023\/11\/GOBIERNO-SAN-JUAN-768x576.jpg 768w\" sizes=\"auto, (max-width: 800px) 100vw, 800px\" \/><\/p>\n","protected":false},"excerpt":{"rendered":"<p>La Direcci\u00f3n General de Rentas de San Juan, dependiente del Ministerio de Econom\u00eda, Finanzas y Hacienda, informa a la comunidad<\/p>\n","protected":false},"author":3,"featured_media":50159,"comment_status":"closed","ping_status":"closed","sticky":false,"template":"","format":"standard","meta":{"_acf_changed":false,"_seopress_robots_primary_cat":"none","_seopress_titles_title":"","_seopress_titles_desc":"","_seopress_robots_index":"","colormag_page_container_layout":"default_layout","colormag_page_sidebar_layout":"default_layout","footnotes":""},"categories":[6],"tags":[],"class_list":["post-76095","post","type-post","status-publish","format-standard","has-post-thumbnail","hentry","category-eventos"],"acf":[],"_links":{"self":[{"href":"https:\/\/vocesparalelas.com.ar\/sitio\/wp-json\/wp\/v2\/posts\/76095","targetHints":{"allow":["GET"]}}],"collection":[{"href":"https:\/\/vocesparalelas.com.ar\/sitio\/wp-json\/wp\/v2\/posts"}],"about":[{"href":"https:\/\/vocesparalelas.com.ar\/sitio\/wp-json\/wp\/v2\/types\/post"}],"author":[{"embeddable":true,"href":"https:\/\/vocesparalelas.com.ar\/sitio\/wp-json\/wp\/v2\/users\/3"}],"replies":[{"embeddable":true,"href":"https:\/\/vocesparalelas.com.ar\/sitio\/wp-json\/wp\/v2\/comments?post=76095"}],"version-history":[{"count":1,"href":"https:\/\/vocesparalelas.com.ar\/sitio\/wp-json\/wp\/v2\/posts\/76095\/revisions"}],"predecessor-version":[{"id":76098,"href":"https:\/\/vocesparalelas.com.ar\/sitio\/wp-json\/wp\/v2\/posts\/76095\/revisions\/76098"}],"wp:featuredmedia":[{"embeddable":true,"href":"https:\/\/vocesparalelas.com.ar\/sitio\/wp-json\/wp\/v2\/media\/50159"}],"wp:attachment":[{"href":"https:\/\/vocesparalelas.com.ar\/sitio\/wp-json\/wp\/v2\/media?parent=76095"}],"wp:term":[{"taxonomy":"category","embeddable":true,"href":"https:\/\/vocesparalelas.com.ar\/sitio\/wp-json\/wp\/v2\/categories?post=76095"},{"taxonomy":"post_tag","embeddable":true,"href":"https:\/\/vocesparalelas.com.ar\/sitio\/wp-json\/wp\/v2\/tags?post=76095"}],"curies":[{"name":"wp","href":"https:\/\/api.w.org\/{rel}","templated":true}]}}