{"id":76060,"date":"2024-08-22T21:51:18","date_gmt":"2024-08-23T00:51:18","guid":{"rendered":"https:\/\/vocesparalelas.com.ar\/sitio\/?p=76060"},"modified":"2024-08-23T20:12:25","modified_gmt":"2024-08-23T23:12:25","slug":"show-de-los-25-anos-de-rock-cheroga-pop-en-el-auditorio-ing-juan-victoria-de-san-juan","status":"publish","type":"post","link":"https:\/\/vocesparalelas.com.ar\/sitio\/show-de-los-25-anos-de-rock-cheroga-pop-en-el-auditorio-ing-juan-victoria-de-san-juan\/","title":{"rendered":"Show de los 25 a\u00f1os de Rock Cheroga Pop en el Auditorio Ing. Juan Victoria de San Juan"},"content":{"rendered":"<p>El S\u00e1bado, 24 de Agosto, a las 21:39 hs.; en el Auditorio Ing. Juan Victoria se presentan el Show de los 25 a\u00f1os de Rock Cheroga Pop, un Cl\u00e1sicos del Rock Nacional e internacional con artistas invitados.<\/p>\n<p><span style=\"color: #ff6600;\"><b>Integrantes de Cheroga<\/b><\/span><\/p>\n<ul>\n<li style=\"font-weight: 400;\" aria-level=\"1\"><span style=\"font-weight: 400;\">Gonzalo Su\u00e1rez: primera guitarra y voz principal.<\/span><\/li>\n<li style=\"font-weight: 400;\" aria-level=\"1\"><span style=\"font-weight: 400;\">Diego Su\u00e1rez: segunda guitarra y coros.<\/span><\/li>\n<li style=\"font-weight: 400;\" aria-level=\"1\"><span style=\"font-weight: 400;\">Ra\u00fal \u201cRulo\u201d Iglesias: bajo y coros.<\/span><\/li>\n<li style=\"font-weight: 400;\" aria-level=\"1\"><span style=\"font-weight: 400;\">Daniel \u201cDani\u201d Sanz: bater\u00eda y percusi\u00f3n.<\/span><\/li>\n<li style=\"font-weight: 400;\" aria-level=\"1\"><span style=\"font-weight: 400;\">T\u00e9cnica en sonido: Fernando Alamino.<\/span><\/li>\n<\/ul>\n<p><strong><span style=\"color: #ff6600;\">Invitados al Show 25 a\u00f1os<\/span><\/strong><\/p>\n<ul>\n<li style=\"font-weight: 400;\" aria-level=\"1\"><span style=\"font-weight: 400;\">Daniel \u201cBeto\u201d Lisandrello: cantante.<\/span><\/li>\n<li style=\"font-weight: 400;\" aria-level=\"1\"><span style=\"font-weight: 400;\">Mar\u00eda Jos\u00e9 Bittar: cantante.<\/span><\/li>\n<li style=\"font-weight: 400;\" aria-level=\"1\"><span style=\"font-weight: 400;\">Laura Do\u00f1a: cantante.<\/span><\/li>\n<li style=\"font-weight: 400;\" aria-level=\"1\"><span style=\"font-weight: 400;\">Magal\u00e1ctica (Magui Aciar): cantante.<\/span><\/li>\n<li style=\"font-weight: 400;\" aria-level=\"1\"><span style=\"font-weight: 400;\">Albert La Troupe (Alberto Jerez): cantante.<\/span><\/li>\n<li style=\"font-weight: 400;\" aria-level=\"1\"><span style=\"font-weight: 400;\">Fernando Gim\u00e9nez: m\u00fasico invitado, bajo.<\/span><\/li>\n<li style=\"font-weight: 400;\" aria-level=\"1\"><span style=\"font-weight: 400;\">Juan Ariel Sardi\u00f1a: m\u00fasico invitado, bajo.<\/span><\/li>\n<li style=\"font-weight: 400;\" aria-level=\"1\"><span style=\"font-weight: 400;\">Juanjo Gim\u00e9nez: m\u00fasico invitado, guitarra.<\/span><\/li>\n<\/ul>\n<p><strong><span style=\"color: #ff6600;\">Entradas<\/span><\/strong><\/p>\n<p>General de 3000 pesos en Boleter\u00eda del Auditorio Ing. Juan Victoria\u00a0 y en\u00a0<a href=\"http:\/\/www.vivaticket.com\">http:\/\/www.vivaticket.com<\/a><\/p>\n<p><strong><span style=\"color: #ff6600;\">Historia de u<b>n Viaje Musical de 25 a\u00f1os<\/b><\/span><\/strong><\/p>\n<p><span style=\"font-weight: 400;\">Cheroga surge un 11 de septiembre de 1999, de los punteos de Gonza y los ritmos de Dani. Sobre el a\u00f1o 2001 se incorporan otras cuerdas en la escena, de la mano de Diego y Rulo, formando lo que ser\u00eda la formaci\u00f3n permanente.<\/span><\/p>\n<p><span style=\"font-weight: 400;\">Pasaron por la formaci\u00f3n un mont\u00f3n de apasionados y que crearon a Cheroga.\u00a0<\/span><\/p>\n<p><span style=\"font-weight: 400;\">\u00abSu estilo musical est\u00e1 definido por el Rock &#8211; Pop revival, evocando temas de reconocidos artistas nacionales e internacionales, que son interpretados bajo los arreglos musicales de la banda logrando as\u00ed marcar un estilo propio\u00bb<\/span><\/p>\n<p><span style=\"font-weight: 400; color: #ff6600;\"><b>Cheroga<\/b><\/span><\/p>\n<p><span style=\"font-weight: 400;\"> En guaran\u00ed, casa donde se re\u00fanen los amigos, significado muy acertado en la historia de la banda.\u00a0<\/span><\/p>\n<p><img loading=\"lazy\" decoding=\"async\" class=\"alignnone size-full wp-image-61468\" src=\"https:\/\/vocesparalelas.com.ar\/sitio\/wp-content\/uploads\/2023\/07\/AUDITORIO-EDIFICIO.jpg\" alt=\"\" width=\"800\" height=\"533\" srcset=\"https:\/\/vocesparalelas.com.ar\/sitio\/wp-content\/uploads\/2023\/07\/AUDITORIO-EDIFICIO.jpg 800w, https:\/\/vocesparalelas.com.ar\/sitio\/wp-content\/uploads\/2023\/07\/AUDITORIO-EDIFICIO-300x200.jpg 300w, https:\/\/vocesparalelas.com.ar\/sitio\/wp-content\/uploads\/2023\/07\/AUDITORIO-EDIFICIO-768x512.jpg 768w\" sizes=\"auto, (max-width: 800px) 100vw, 800px\" \/><\/p>\n","protected":false},"excerpt":{"rendered":"<p>El S\u00e1bado, 24 de Agosto, a las 21:39 hs.; en el Auditorio Ing. Juan Victoria se presentan el Show de<\/p>\n","protected":false},"author":3,"featured_media":76064,"comment_status":"closed","ping_status":"closed","sticky":false,"template":"","format":"standard","meta":{"_acf_changed":false,"_seopress_robots_primary_cat":"none","_seopress_titles_title":"","_seopress_titles_desc":"","_seopress_robots_index":"","colormag_page_container_layout":"default_layout","colormag_page_sidebar_layout":"default_layout","footnotes":""},"categories":[20],"tags":[],"class_list":["post-76060","post","type-post","status-publish","format-standard","has-post-thumbnail","hentry","category-cartelera"],"acf":[],"_links":{"self":[{"href":"https:\/\/vocesparalelas.com.ar\/sitio\/wp-json\/wp\/v2\/posts\/76060","targetHints":{"allow":["GET"]}}],"collection":[{"href":"https:\/\/vocesparalelas.com.ar\/sitio\/wp-json\/wp\/v2\/posts"}],"about":[{"href":"https:\/\/vocesparalelas.com.ar\/sitio\/wp-json\/wp\/v2\/types\/post"}],"author":[{"embeddable":true,"href":"https:\/\/vocesparalelas.com.ar\/sitio\/wp-json\/wp\/v2\/users\/3"}],"replies":[{"embeddable":true,"href":"https:\/\/vocesparalelas.com.ar\/sitio\/wp-json\/wp\/v2\/comments?post=76060"}],"version-history":[{"count":1,"href":"https:\/\/vocesparalelas.com.ar\/sitio\/wp-json\/wp\/v2\/posts\/76060\/revisions"}],"predecessor-version":[{"id":76065,"href":"https:\/\/vocesparalelas.com.ar\/sitio\/wp-json\/wp\/v2\/posts\/76060\/revisions\/76065"}],"wp:featuredmedia":[{"embeddable":true,"href":"https:\/\/vocesparalelas.com.ar\/sitio\/wp-json\/wp\/v2\/media\/76064"}],"wp:attachment":[{"href":"https:\/\/vocesparalelas.com.ar\/sitio\/wp-json\/wp\/v2\/media?parent=76060"}],"wp:term":[{"taxonomy":"category","embeddable":true,"href":"https:\/\/vocesparalelas.com.ar\/sitio\/wp-json\/wp\/v2\/categories?post=76060"},{"taxonomy":"post_tag","embeddable":true,"href":"https:\/\/vocesparalelas.com.ar\/sitio\/wp-json\/wp\/v2\/tags?post=76060"}],"curies":[{"name":"wp","href":"https:\/\/api.w.org\/{rel}","templated":true}]}}