{"id":76033,"date":"2024-08-22T20:20:29","date_gmt":"2024-08-22T23:20:29","guid":{"rendered":"https:\/\/vocesparalelas.com.ar\/sitio\/?p=76033"},"modified":"2024-08-23T12:28:17","modified_gmt":"2024-08-23T15:28:17","slug":"deben-presentar-factura-agosto-2024-los-contratados-de-educacion-de-san-juan","status":"publish","type":"post","link":"https:\/\/vocesparalelas.com.ar\/sitio\/deben-presentar-factura-agosto-2024-los-contratados-de-educacion-de-san-juan\/","title":{"rendered":"Deben presentar Factura \u00abAgosto 2024\u00bb los contratados de Educaci\u00f3n de San Juan"},"content":{"rendered":"<p>El Ministerio de Educaci\u00f3n del Gobierno de San Juan informa que las personas que poseen Contratos Administrativos de Servicios de Colaboraci\u00f3n, deben presentar la Factura Electr\u00f3nica \u00abAgosto 2024\u00bb a su directivo para que la misma sea firmada y sellada al dorso.<\/p>\n<p>La factura puede confeccionarse a partir del 23 de Agosto y debe ser presentada en la isla del ministerio de Educaci\u00f3n, Planta Baja del Centro C\u00edvico, de Lunes a Viernes,, de 7:30 a 12:30 hs.; o de 14:30 a 19.30 hs.,<\/p>\n<p>Cronograma<\/p>\n<p><span style=\"color: #ff6600;\"><strong>Servicios Generales (porteros)<\/strong><\/span><\/p>\n<ul>\n<li>DNI terminado en 0, 1, 2 y 3 el lunes 26 de agosto de 2024.<\/li>\n<li>DNI terminado en 4, 5 y 6 el martes 27 de agosto de 2024.<\/li>\n<li>DNI terminado en 7, 8 y 9 el miercoles 28 de agosto de 2024<\/li>\n<\/ul>\n<p><span style=\"color: #ff6600;\"><strong>Administrativos<\/strong><\/span><\/p>\n<ul>\n<li>Presentan la factura en la Oficina de Personal Administrativo con el monto correspondiente a cada contrato, los d\u00edas 26 , 27 , 28 de Agosto de 2024, de Lunes a Viernes, en horario de 7:30 a 12:30.<\/li>\n<li>Las personas contratadas que viven en los departamentos de Calingasta, Iglesia, J\u00e1chal y Valle F\u00e9rtil, deber\u00e1n entregar la factura electr\u00f3nica impresa a su director y \u00e9ste deber\u00e1 conformarlas y enviarlas en un sobre a su unidad de gesti\u00f3n.<\/li>\n<\/ul>\n<p><span style=\"color: #ff6600;\"><strong>Para tener en cuenta<\/strong><\/span><\/p>\n<p>Las facturas deben ser electr\u00f3nicas y confeccionadas de la siguiente manera:<\/p>\n<p>Factura de Agosto 2024<\/p>\n<ul>\n<li><u>Fecha emisi\u00f3n<\/u>:\u00a0<strong>30\/08\/2024<\/strong><\/li>\n<li><u>Periodo facturado:<\/u>\u00a0desde\u00a0<strong>01\/08\/2024\u00a0<\/strong>hasta\u00a0<strong>31\/08\/2024<\/strong><\/li>\n<li><u>Vencimiento<\/u>:\u00a0<strong>30\/09\/2024<\/strong><\/li>\n<li><u>CUIT Gobierno de la Provincia<\/u>: 30-99901516-2<\/li>\n<li><u>Condici\u00f3n frente al IVA:\u00a0<\/u>IVA Sujeto Exento<\/li>\n<li><u>Condici\u00f3n de venta:\u00a0<\/u>Otra<\/li>\n<li><u>Detalle:<\/u>\u00a0Pago de honorarios por Contrato Administrativo de Servicios de Colaboraci\u00f3n correspondiente al mes de Agosto de 2024.-<\/li>\n<li><u>Monto a facturar<\/u>: Para Porteros: <strong>$255.000,00<\/strong><\/li>\n<li><u>Conformaci\u00f3n de factura<\/u>: Al dorso de la factura (en la parte de atr\u00e1s) deber\u00e1 colocar lo siguiente:<\/li>\n<\/ul>\n<p>\u201cArt\u00edculos 6\u00b0 Y 11\u00ba Ley N\u00ba 793-A. Cl\u00e1usula cuarta del contrato administrativo de Servicios de Colaboraci\u00f3n\u201d.<\/p>\n<p>San Juan, 30 de agosto de 2024. \u2013<\/p>\n<p><strong>Firma y sello del directivo<\/strong><\/p>\n<p><span style=\"color: #ff6600;\"><strong>Presentaci\u00f3n del seguro<\/strong><\/span><\/p>\n<ul>\n<li>Constancia de pago de Julio 2024, fotocopia legible con datos del asegurado y legalizada en el frente por el directivo. En Caso de presentar el comprobante de pago emitido por el seguro, el mismo debe tener fecha de agosto de 2024. Sin excepci\u00f3n.<\/li>\n<\/ul>\n<p><img loading=\"lazy\" decoding=\"async\" class=\"alignnone size-full wp-image-28629\" src=\"https:\/\/vocesparalelas.com.ar\/sitio\/wp-content\/uploads\/2020\/05\/MINISTERIO-EDUCACION-SJ.jpg\" alt=\"\" width=\"800\" height=\"533\" srcset=\"https:\/\/vocesparalelas.com.ar\/sitio\/wp-content\/uploads\/2020\/05\/MINISTERIO-EDUCACION-SJ.jpg 800w, https:\/\/vocesparalelas.com.ar\/sitio\/wp-content\/uploads\/2020\/05\/MINISTERIO-EDUCACION-SJ-300x200.jpg 300w, https:\/\/vocesparalelas.com.ar\/sitio\/wp-content\/uploads\/2020\/05\/MINISTERIO-EDUCACION-SJ-768x512.jpg 768w\" sizes=\"auto, (max-width: 800px) 100vw, 800px\" \/><\/p>\n","protected":false},"excerpt":{"rendered":"<p>El Ministerio de Educaci\u00f3n del Gobierno de San Juan informa que las personas que poseen Contratos Administrativos de Servicios de<\/p>\n","protected":false},"author":3,"featured_media":37957,"comment_status":"closed","ping_status":"closed","sticky":false,"template":"","format":"standard","meta":{"_acf_changed":false,"_seopress_robots_primary_cat":"none","_seopress_titles_title":"","_seopress_titles_desc":"","_seopress_robots_index":"","colormag_page_container_layout":"default_layout","colormag_page_sidebar_layout":"default_layout","footnotes":""},"categories":[5],"tags":[],"class_list":["post-76033","post","type-post","status-publish","format-standard","has-post-thumbnail","hentry","category-ofrecimientos"],"acf":[],"_links":{"self":[{"href":"https:\/\/vocesparalelas.com.ar\/sitio\/wp-json\/wp\/v2\/posts\/76033","targetHints":{"allow":["GET"]}}],"collection":[{"href":"https:\/\/vocesparalelas.com.ar\/sitio\/wp-json\/wp\/v2\/posts"}],"about":[{"href":"https:\/\/vocesparalelas.com.ar\/sitio\/wp-json\/wp\/v2\/types\/post"}],"author":[{"embeddable":true,"href":"https:\/\/vocesparalelas.com.ar\/sitio\/wp-json\/wp\/v2\/users\/3"}],"replies":[{"embeddable":true,"href":"https:\/\/vocesparalelas.com.ar\/sitio\/wp-json\/wp\/v2\/comments?post=76033"}],"version-history":[{"count":1,"href":"https:\/\/vocesparalelas.com.ar\/sitio\/wp-json\/wp\/v2\/posts\/76033\/revisions"}],"predecessor-version":[{"id":76036,"href":"https:\/\/vocesparalelas.com.ar\/sitio\/wp-json\/wp\/v2\/posts\/76033\/revisions\/76036"}],"wp:featuredmedia":[{"embeddable":true,"href":"https:\/\/vocesparalelas.com.ar\/sitio\/wp-json\/wp\/v2\/media\/37957"}],"wp:attachment":[{"href":"https:\/\/vocesparalelas.com.ar\/sitio\/wp-json\/wp\/v2\/media?parent=76033"}],"wp:term":[{"taxonomy":"category","embeddable":true,"href":"https:\/\/vocesparalelas.com.ar\/sitio\/wp-json\/wp\/v2\/categories?post=76033"},{"taxonomy":"post_tag","embeddable":true,"href":"https:\/\/vocesparalelas.com.ar\/sitio\/wp-json\/wp\/v2\/tags?post=76033"}],"curies":[{"name":"wp","href":"https:\/\/api.w.org\/{rel}","templated":true}]}}