{"id":76026,"date":"2024-08-21T20:35:50","date_gmt":"2024-08-21T23:35:50","guid":{"rendered":"https:\/\/vocesparalelas.com.ar\/sitio\/?p=76026"},"modified":"2024-08-22T23:54:07","modified_gmt":"2024-08-23T02:54:07","slug":"la-obra-el-amateur-en-el-teatro-sarmiento-de-san-juan","status":"publish","type":"post","link":"https:\/\/vocesparalelas.com.ar\/sitio\/la-obra-el-amateur-en-el-teatro-sarmiento-de-san-juan\/","title":{"rendered":"La Obra \u00abEl amateur\u00bb en el Teatro Sarmiento de San Juan"},"content":{"rendered":"<p>La aclamada obra\u00a0El amateur, escrita e interpretada por el destacado actor Mauricio Dayub, se presenta en San Juan, ofreciendo una oportunidad \u00fanica para disfrutar de este relato emotivo y lleno de vida. Bajo la direcci\u00f3n de \u00abIndio\u00bb Romero, la funci\u00f3n es el Viernes, 23 de Agosto, a las 21:30 hs.; en el Teatro Sarmiento.<\/p>\n<p>La obra narra la historia de Lopecito y El P\u00e1jaro, dos amigos entra\u00f1ables que, a pesar de no tener nada, se embarcan en una arriesgada aventura para convertir el sue\u00f1o de uno en el sue\u00f1o del otro.<\/p>\n<p>El P\u00e1jaro sue\u00f1a cada noche con volar hasta el sol, animado por una voz que le dice \u00abArrimate, flaco, no quema\u00bb. Durante el d\u00eda, se dedica con pasi\u00f3n a batir un r\u00e9cord en bicicleta, mientras su amigo Lopecito lo apoya y motiva.<\/p>\n<p>La historia explora la esencia de la verdadera amistad, la pasi\u00f3n desbordante y el sacrificio desinteresado, mostrando c\u00f3mo el esfuerzo y la imaginaci\u00f3n pueden llevar a concretar lo que parece inalcanzable.<\/p>\n<p>Las entradas pueden adquirirse en Hoffmann Instrumentos, Gral. Acha 174 Norte, en las boleter\u00edas del teatro o en el sitio web <a href=\"http:\/\/www.entradaweb.com.ar\/\" target=\"_new\" rel=\"noopener\">www.entradaweb.com.ar<\/a>.<\/p>\n<p>Los precios son los siguientes: platea baja, filas 01 a 14: $21.500; platea baja, filas 15 a 20: $20.500; pullman: $19.500.<\/p>\n<p>&nbsp;<\/p>\n<p><img loading=\"lazy\" decoding=\"async\" class=\"alignnone size-large wp-image-15615\" src=\"https:\/\/vocesparalelas.com.ar\/sitio\/wp-content\/uploads\/2018\/10\/TEATRO-SARMIENTO-800x533.jpg\" alt=\"\" width=\"800\" height=\"533\" srcset=\"https:\/\/vocesparalelas.com.ar\/sitio\/wp-content\/uploads\/2018\/10\/TEATRO-SARMIENTO-800x533.jpg 800w, https:\/\/vocesparalelas.com.ar\/sitio\/wp-content\/uploads\/2018\/10\/TEATRO-SARMIENTO-300x200.jpg 300w, https:\/\/vocesparalelas.com.ar\/sitio\/wp-content\/uploads\/2018\/10\/TEATRO-SARMIENTO-768x511.jpg 768w, https:\/\/vocesparalelas.com.ar\/sitio\/wp-content\/uploads\/2018\/10\/TEATRO-SARMIENTO.jpg 1000w\" sizes=\"auto, (max-width: 800px) 100vw, 800px\" \/><\/p>\n","protected":false},"excerpt":{"rendered":"<p>La aclamada obra\u00a0El amateur, escrita e interpretada por el destacado actor Mauricio Dayub, se presenta en San Juan, ofreciendo una<\/p>\n","protected":false},"author":3,"featured_media":76029,"comment_status":"closed","ping_status":"closed","sticky":false,"template":"","format":"standard","meta":{"_acf_changed":false,"_seopress_robots_primary_cat":"none","_seopress_titles_title":"","_seopress_titles_desc":"","_seopress_robots_index":"","colormag_page_container_layout":"default_layout","colormag_page_sidebar_layout":"default_layout","footnotes":""},"categories":[20],"tags":[],"class_list":["post-76026","post","type-post","status-publish","format-standard","has-post-thumbnail","hentry","category-cartelera"],"acf":[],"_links":{"self":[{"href":"https:\/\/vocesparalelas.com.ar\/sitio\/wp-json\/wp\/v2\/posts\/76026","targetHints":{"allow":["GET"]}}],"collection":[{"href":"https:\/\/vocesparalelas.com.ar\/sitio\/wp-json\/wp\/v2\/posts"}],"about":[{"href":"https:\/\/vocesparalelas.com.ar\/sitio\/wp-json\/wp\/v2\/types\/post"}],"author":[{"embeddable":true,"href":"https:\/\/vocesparalelas.com.ar\/sitio\/wp-json\/wp\/v2\/users\/3"}],"replies":[{"embeddable":true,"href":"https:\/\/vocesparalelas.com.ar\/sitio\/wp-json\/wp\/v2\/comments?post=76026"}],"version-history":[{"count":1,"href":"https:\/\/vocesparalelas.com.ar\/sitio\/wp-json\/wp\/v2\/posts\/76026\/revisions"}],"predecessor-version":[{"id":76030,"href":"https:\/\/vocesparalelas.com.ar\/sitio\/wp-json\/wp\/v2\/posts\/76026\/revisions\/76030"}],"wp:featuredmedia":[{"embeddable":true,"href":"https:\/\/vocesparalelas.com.ar\/sitio\/wp-json\/wp\/v2\/media\/76029"}],"wp:attachment":[{"href":"https:\/\/vocesparalelas.com.ar\/sitio\/wp-json\/wp\/v2\/media?parent=76026"}],"wp:term":[{"taxonomy":"category","embeddable":true,"href":"https:\/\/vocesparalelas.com.ar\/sitio\/wp-json\/wp\/v2\/categories?post=76026"},{"taxonomy":"post_tag","embeddable":true,"href":"https:\/\/vocesparalelas.com.ar\/sitio\/wp-json\/wp\/v2\/tags?post=76026"}],"curies":[{"name":"wp","href":"https:\/\/api.w.org\/{rel}","templated":true}]}}