{"id":75927,"date":"2024-08-19T18:22:53","date_gmt":"2024-08-19T21:22:53","guid":{"rendered":"https:\/\/vocesparalelas.com.ar\/sitio\/?p=75927"},"modified":"2024-08-19T23:31:46","modified_gmt":"2024-08-20T02:31:46","slug":"emotivo-174-aniversario-del-paso-a-la-inmortalidad-del-gral-jose-de-san-martin-en-san-juan","status":"publish","type":"post","link":"https:\/\/vocesparalelas.com.ar\/sitio\/emotivo-174-aniversario-del-paso-a-la-inmortalidad-del-gral-jose-de-san-martin-en-san-juan\/","title":{"rendered":"Emotivo 174\u00b0 Aniversario del paso a la inmortalidad del Gral. Jos\u00e9 de San Mart\u00edn en San Juan"},"content":{"rendered":"<p>El S\u00e1bado,\u00a0 17 de Agosto, frente al Monumento al Gral. Jos\u00e9 de San Mart\u00edn de conmemor\u00f3 el 174\u00b0 Aniversario del paso a la inmortalidad del pr\u00f3cer Americano, en el Parque de Mayo, de San Juan.<\/p>\n<p>Participaron integrantes del Gobierno de San Juan, de la C\u00e1mara de Diputados y de la Asociaci\u00f3n Sanmartiniana y dem\u00e1s invitados, quienes rindieron los honores al Gral. Jos\u00e9 de San Mart\u00edn.<\/p>\n<p>antes del acto, Voces Paralelas desarroll\u00f3 una entrevista period\u00edstica al presidente de la Asociaci\u00f3n Sanmartiniana, Dr. Miguel Licciardi, quien describi\u00f3 el exilio del Gral. Jos\u00e9 de San Mart\u00edn.<\/p>\n<p><iframe loading=\"lazy\" title=\"SAN JUAN GRAL JOS\u00c9  DE SAN MART\u00cdN DR. MIGUEL \u00c1NGEL LICCIARDI\" width=\"800\" height=\"450\" src=\"https:\/\/www.youtube.com\/embed\/glHkvzKKa_M?feature=oembed\" frameborder=\"0\" allow=\"accelerometer; autoplay; clipboard-write; encrypted-media; gyroscope; picture-in-picture; web-share\" referrerpolicy=\"strict-origin-when-cross-origin\" allowfullscreen><\/iframe><\/p>\n<p>El inicio del acto, los presentes cantaron el Himno Nacional Argentino bajo la Banda Banda de M\u00fasica del RIM 22 El Tambolar, cuyo integrante se presentaron con la vestimenta propia de la Columna Cabot.<\/p>\n<p><iframe loading=\"lazy\" title=\"SAN JUAN HIMNO NACIONAL ARGENTINO\" width=\"800\" height=\"450\" src=\"https:\/\/www.youtube.com\/embed\/sY1Tgza3ZBg?feature=oembed\" frameborder=\"0\" allow=\"accelerometer; autoplay; clipboard-write; encrypted-media; gyroscope; picture-in-picture; web-share\" referrerpolicy=\"strict-origin-when-cross-origin\" allowfullscreen><\/iframe><\/p>\n<p>Posteriormente, se enton\u00f3 el Himno Nacional del Gral. Jos\u00e9 de San Mart\u00edn.<\/p>\n<p>&nbsp;<\/p>\n<p><iframe loading=\"lazy\" title=\"SAN JUAN HIMNO AL GRAL JOS\u00c9 DE SAN MART\u00cdN\" width=\"800\" height=\"450\" src=\"https:\/\/www.youtube.com\/embed\/rRIWo2K4XUQ?feature=oembed\" frameborder=\"0\" allow=\"accelerometer; autoplay; clipboard-write; encrypted-media; gyroscope; picture-in-picture; web-share\" referrerpolicy=\"strict-origin-when-cross-origin\" allowfullscreen><\/iframe><\/p>\n<p>&nbsp;<\/p>\n<p>Luego, representantes del Gobierno de San Juan, la C\u00e1mara de Diputados, la Municipalidad de la Ciudad de San Juan y la Asociaci\u00f3n Cultural Sanmartiniana y de la UNSJ, colocaron la ofrenda de laureles sobre el busto que perpet\u00faa la memoria del pr\u00f3cer.<\/p>\n<p>Seguidamente, se ofreci\u00f3 un minuto de silencio para honrar al Gral. Jos\u00e9 de San Mart\u00edn.<\/p>\n<p><iframe loading=\"lazy\" title=\"UN MINUTO DE SILENCIO GRAL. JOS\u00c9 DE SAN MART\u00cdN\" width=\"800\" height=\"450\" src=\"https:\/\/www.youtube.com\/embed\/55furv00fbQ?feature=oembed\" frameborder=\"0\" allow=\"accelerometer; autoplay; clipboard-write; encrypted-media; gyroscope; picture-in-picture; web-share\" referrerpolicy=\"strict-origin-when-cross-origin\" allowfullscreen><\/iframe><\/p>\n<p>&nbsp;<\/p>\n<p>A continuaci\u00f3n, representantes de los distintas instituciones colocaron las Banderas\u00a0 de Argentina, Chile y Per\u00fa a media asta.<\/p>\n<p><iframe loading=\"lazy\" title=\"SAN JUAN GRAL. JOS\u00c9 DE SAN MART\u00cdN\" width=\"800\" height=\"450\" src=\"https:\/\/www.youtube.com\/embed\/6DlcxHemXW0?feature=oembed\" frameborder=\"0\" allow=\"accelerometer; autoplay; clipboard-write; encrypted-media; gyroscope; picture-in-picture; web-share\" referrerpolicy=\"strict-origin-when-cross-origin\" allowfullscreen><\/iframe><\/p>\n<p>Fueron dos momentos impactantes para los presentes, ya que, signific\u00f3 el momento en que Gral. Jos\u00e9 de San Mart\u00edn pas\u00f3 a la inmortalidad.<\/p>\n<p>&nbsp;<\/p>\n<p>&nbsp;<\/p>\n<p>&nbsp;<\/p>\n<p>&nbsp;<\/p>\n","protected":false},"excerpt":{"rendered":"<p>El S\u00e1bado,\u00a0 17 de Agosto, frente al Monumento al Gral. Jos\u00e9 de San Mart\u00edn de conmemor\u00f3 el 174\u00b0 Aniversario del<\/p>\n","protected":false},"author":3,"featured_media":75932,"comment_status":"closed","ping_status":"closed","sticky":false,"template":"","format":"standard","meta":{"_acf_changed":false,"_seopress_robots_primary_cat":"none","_seopress_titles_title":"","_seopress_titles_desc":"","_seopress_robots_index":"","colormag_page_container_layout":"default_layout","colormag_page_sidebar_layout":"default_layout","footnotes":""},"categories":[1,7],"tags":[],"class_list":["post-75927","post","type-post","status-publish","format-standard","has-post-thumbnail","hentry","category-destacadas","category-videos"],"acf":[],"_links":{"self":[{"href":"https:\/\/vocesparalelas.com.ar\/sitio\/wp-json\/wp\/v2\/posts\/75927","targetHints":{"allow":["GET"]}}],"collection":[{"href":"https:\/\/vocesparalelas.com.ar\/sitio\/wp-json\/wp\/v2\/posts"}],"about":[{"href":"https:\/\/vocesparalelas.com.ar\/sitio\/wp-json\/wp\/v2\/types\/post"}],"author":[{"embeddable":true,"href":"https:\/\/vocesparalelas.com.ar\/sitio\/wp-json\/wp\/v2\/users\/3"}],"replies":[{"embeddable":true,"href":"https:\/\/vocesparalelas.com.ar\/sitio\/wp-json\/wp\/v2\/comments?post=75927"}],"version-history":[{"count":1,"href":"https:\/\/vocesparalelas.com.ar\/sitio\/wp-json\/wp\/v2\/posts\/75927\/revisions"}],"predecessor-version":[{"id":75933,"href":"https:\/\/vocesparalelas.com.ar\/sitio\/wp-json\/wp\/v2\/posts\/75927\/revisions\/75933"}],"wp:featuredmedia":[{"embeddable":true,"href":"https:\/\/vocesparalelas.com.ar\/sitio\/wp-json\/wp\/v2\/media\/75932"}],"wp:attachment":[{"href":"https:\/\/vocesparalelas.com.ar\/sitio\/wp-json\/wp\/v2\/media?parent=75927"}],"wp:term":[{"taxonomy":"category","embeddable":true,"href":"https:\/\/vocesparalelas.com.ar\/sitio\/wp-json\/wp\/v2\/categories?post=75927"},{"taxonomy":"post_tag","embeddable":true,"href":"https:\/\/vocesparalelas.com.ar\/sitio\/wp-json\/wp\/v2\/tags?post=75927"}],"curies":[{"name":"wp","href":"https:\/\/api.w.org\/{rel}","templated":true}]}}