{"id":75915,"date":"2024-08-19T19:18:33","date_gmt":"2024-08-19T22:18:33","guid":{"rendered":"https:\/\/vocesparalelas.com.ar\/sitio\/?p=75915"},"modified":"2024-08-20T23:37:57","modified_gmt":"2024-08-21T02:37:57","slug":"feria-gastronomica-de-la-fiesta-nacional-del-sol-2024-somos-energia-en-san-juan","status":"publish","type":"post","link":"https:\/\/vocesparalelas.com.ar\/sitio\/feria-gastronomica-de-la-fiesta-nacional-del-sol-2024-somos-energia-en-san-juan\/","title":{"rendered":"Feria Gastron\u00f3mica de la Fiesta Nacional del Sol 2024 \u00abSomos Energ\u00eda\u00bb en San Juan"},"content":{"rendered":"<p>El Ministerio de Turismo, Cultura y Deporte del Gobierno de San Juan abri\u00f3 la convocatoria para los interesados en participar en la Feria Gastron\u00f3mica de la Fiesta Nacional del Sol 2024 \u00abSomos Energ\u00eda\u00bb.<\/p>\n<p>La feria se realiza en el predio del Estadio San Juan del Bicentenario desde el 31 de Octubre hasta el 2 de Noviembre.<\/p>\n<p><iframe loading=\"lazy\" title=\"FIESTA NACIONAL DEL SOL SAN JUAN 2024\" width=\"800\" height=\"450\" src=\"https:\/\/www.youtube.com\/embed\/xZa7lznetDM?feature=oembed\" frameborder=\"0\" allow=\"accelerometer; autoplay; clipboard-write; encrypted-media; gyroscope; picture-in-picture; web-share\" referrerpolicy=\"strict-origin-when-cross-origin\" allowfullscreen><\/iframe><\/p>\n<p>En este contexto, los solicitantes tienen tiempo de llenar la solicitud de inscripci\u00f3n on-line en la p\u00e1gina web<\/p>\n<p><a href=\"http:\/\/www.fiestanacionaldelsol.com\">http:\/\/www.fiestanacionaldelsol.com<\/a><\/p>\n<p>Hasta el 2 de Septiembre. Una vez concluido el per\u00edodo de inscripciones, el equipo t\u00e9cnico a cargo selecciona entre los inscriptos a los gastron\u00f3micos participantes y los notifica formalmente culminada la evaluaci\u00f3n y selecci\u00f3n.<\/p>\n<p>Cabe destacar que la presentaci\u00f3n de la propuesta no implica la aceptaci\u00f3n por parte del equipo t\u00e9cnico ya que la selecci\u00f3n de los expositores deber\u00e1n adecuarse a los par\u00e1metros que rigen en la feria de la FNS 2024. En caso de ser elegido, los participantes deben cumplir con una serie de requisitos.<\/p>\n<p>Para consultas y dudas por parte de los inscriptos a trav\u00e9s de la web oficial, pueden comunicarse v\u00eda Whatsapp al 2645854767, de 8 a 20 hs.<\/p>\n<p><img loading=\"lazy\" decoding=\"async\" class=\"alignnone size-large wp-image-22398\" src=\"https:\/\/vocesparalelas.com.ar\/sitio\/wp-content\/uploads\/2019\/07\/chivo-asado-800x535.jpg\" alt=\"\" width=\"800\" height=\"535\" srcset=\"https:\/\/vocesparalelas.com.ar\/sitio\/wp-content\/uploads\/2019\/07\/chivo-asado-800x535.jpg 800w, https:\/\/vocesparalelas.com.ar\/sitio\/wp-content\/uploads\/2019\/07\/chivo-asado-300x201.jpg 300w, https:\/\/vocesparalelas.com.ar\/sitio\/wp-content\/uploads\/2019\/07\/chivo-asado-768x514.jpg 768w, https:\/\/vocesparalelas.com.ar\/sitio\/wp-content\/uploads\/2019\/07\/chivo-asado.jpg 1000w\" sizes=\"auto, (max-width: 800px) 100vw, 800px\" \/><\/p>\n<p>&nbsp;<\/p>\n","protected":false},"excerpt":{"rendered":"<p>El Ministerio de Turismo, Cultura y Deporte del Gobierno de San Juan abri\u00f3 la convocatoria para los interesados en participar<\/p>\n","protected":false},"author":3,"featured_media":75903,"comment_status":"closed","ping_status":"closed","sticky":false,"template":"","format":"standard","meta":{"_acf_changed":false,"_seopress_robots_primary_cat":"none","_seopress_titles_title":"","_seopress_titles_desc":"","_seopress_robots_index":"","colormag_page_container_layout":"default_layout","colormag_page_sidebar_layout":"default_layout","footnotes":""},"categories":[2,7],"tags":[],"class_list":["post-75915","post","type-post","status-publish","format-standard","has-post-thumbnail","hentry","category-convocatorias","category-videos"],"acf":[],"_links":{"self":[{"href":"https:\/\/vocesparalelas.com.ar\/sitio\/wp-json\/wp\/v2\/posts\/75915","targetHints":{"allow":["GET"]}}],"collection":[{"href":"https:\/\/vocesparalelas.com.ar\/sitio\/wp-json\/wp\/v2\/posts"}],"about":[{"href":"https:\/\/vocesparalelas.com.ar\/sitio\/wp-json\/wp\/v2\/types\/post"}],"author":[{"embeddable":true,"href":"https:\/\/vocesparalelas.com.ar\/sitio\/wp-json\/wp\/v2\/users\/3"}],"replies":[{"embeddable":true,"href":"https:\/\/vocesparalelas.com.ar\/sitio\/wp-json\/wp\/v2\/comments?post=75915"}],"version-history":[{"count":1,"href":"https:\/\/vocesparalelas.com.ar\/sitio\/wp-json\/wp\/v2\/posts\/75915\/revisions"}],"predecessor-version":[{"id":75918,"href":"https:\/\/vocesparalelas.com.ar\/sitio\/wp-json\/wp\/v2\/posts\/75915\/revisions\/75918"}],"wp:featuredmedia":[{"embeddable":true,"href":"https:\/\/vocesparalelas.com.ar\/sitio\/wp-json\/wp\/v2\/media\/75903"}],"wp:attachment":[{"href":"https:\/\/vocesparalelas.com.ar\/sitio\/wp-json\/wp\/v2\/media?parent=75915"}],"wp:term":[{"taxonomy":"category","embeddable":true,"href":"https:\/\/vocesparalelas.com.ar\/sitio\/wp-json\/wp\/v2\/categories?post=75915"},{"taxonomy":"post_tag","embeddable":true,"href":"https:\/\/vocesparalelas.com.ar\/sitio\/wp-json\/wp\/v2\/tags?post=75915"}],"curies":[{"name":"wp","href":"https:\/\/api.w.org\/{rel}","templated":true}]}}