{"id":75893,"date":"2024-08-19T18:50:59","date_gmt":"2024-08-19T21:50:59","guid":{"rendered":"https:\/\/vocesparalelas.com.ar\/sitio\/?p=75893"},"modified":"2024-08-20T22:44:00","modified_gmt":"2024-08-21T01:44:00","slug":"se-entrego-el-fodere-a-las-19-municipalidades-de-san-juan","status":"publish","type":"post","link":"https:\/\/vocesparalelas.com.ar\/sitio\/se-entrego-el-fodere-a-las-19-municipalidades-de-san-juan\/","title":{"rendered":"Se entreg\u00f3 el FoDeRe a las 19 Municipalidades de San Juan"},"content":{"rendered":"<p>En Casa de Gobierno, el Gobernador de San Juan, Dr. Marcelo Orrego, entreg\u00f3 los Decretos de Distribuci\u00f3n del Fondo de Desarrollo Regional &#8211; FoDeRe &#8211; a los intendentes de las 19 Municipalidades. Estos recursos, junto a la coparticipaci\u00f3n municipal, asegura fondos y les permite tener mayor previsibilidad para todos los proyectos que tienen y que desean ejecutar. Se trata de una suma de $4.798 millones, eso significa un 150% m\u00e1s que lo distribuido en el 2023.<\/p>\n<p>La mesa acad\u00e9mica se conform\u00f3 con el gobernador Dr. Marcelo Orrego, el ministro de Econom\u00eda, Finanzas y Hacienda, CPN Roberto Guti\u00e9rrez, la secretaria de Hacienda del ministerio de Econom\u00eda, CPN Mariela Mingorance, el ministro de Infraestructura, Agua y Energ\u00eda, Arq. Fernando Perea, el secretario de Infraestructura, Ing. Ariel Villavicencio.<\/p>\n<p><img loading=\"lazy\" decoding=\"async\" class=\"alignnone size-full wp-image-75908\" src=\"https:\/\/vocesparalelas.com.ar\/sitio\/wp-content\/uploads\/2024\/08\/SAN-JUAN-FONDOS-01.jpg\" alt=\"\" width=\"800\" height=\"408\" srcset=\"https:\/\/vocesparalelas.com.ar\/sitio\/wp-content\/uploads\/2024\/08\/SAN-JUAN-FONDOS-01.jpg 800w, https:\/\/vocesparalelas.com.ar\/sitio\/wp-content\/uploads\/2024\/08\/SAN-JUAN-FONDOS-01-300x153.jpg 300w, https:\/\/vocesparalelas.com.ar\/sitio\/wp-content\/uploads\/2024\/08\/SAN-JUAN-FONDOS-01-768x392.jpg 768w\" sizes=\"auto, (max-width: 800px) 100vw, 800px\" \/><\/p>\n<p>Entre los invitados estuvieron los 19 intendentes municipales y dem\u00e1s autoridades departamentales y del Ejecutivo Provincial.<\/p>\n<p>Por primera vez en la gesti\u00f3n del Gobernador, Dr. Marcelo Orrego, los municipios que cumplen con las Reglas Fiscales, establecidas en la Ley Provincial R\u00e9gimen Provincial de Responsabilidad Fiscal Municipal, accedieron a los recursos del FoDeRe, para la distribuci\u00f3n equitativa de los recursos provinciales.<\/p>\n<p>Por ello, el ministro de Econom\u00eda, Finanzas y Hacienda, CPN Roberto Guti\u00e9rrez explic\u00f3 lo que significa el FoDeRe para las municipalidades de San Juan.<\/p>\n<p><iframe loading=\"lazy\" title=\"SAN JUAN MINISTRO CPN ROBERTO GUTI\u00c9RREZ\" width=\"800\" height=\"450\" src=\"https:\/\/www.youtube.com\/embed\/ZI3kCrg5B7E?feature=oembed\" frameborder=\"0\" allow=\"accelerometer; autoplay; clipboard-write; encrypted-media; gyroscope; picture-in-picture; web-share\" referrerpolicy=\"strict-origin-when-cross-origin\" allowfullscreen><\/iframe><\/p>\n<p>Luego, el Gobernador, Dr. Marcelo Orrego puntualiz\u00f3 que \u201cviene a complementar lo que implementamos hace un tiempo, que fue aprobado por la C\u00e1mara, con el Plan de Pavimentaci\u00f3n provincial. Es un Plan que no tiene antecedentes y que en otras administraciones se entregaba un 80%, en la \u00e9poca donde exist\u00eda el Fondo de la Soja, 80% que lo pon\u00eda la naci\u00f3n, 20% despu\u00e9s la provincia. Despu\u00e9s, en la \u00faltima administraci\u00f3n, un 50% lo pon\u00eda la provincia y un 50% lo pon\u00eda el municipio, y ahora puse el 100% al servicio de San Juan\u201d.<\/p>\n<p><iframe loading=\"lazy\" title=\"SAN JUAN GOBERNADOR DR MARCELO ORREGO\" width=\"800\" height=\"450\" src=\"https:\/\/www.youtube.com\/embed\/ouksrERTlc4?feature=oembed\" frameborder=\"0\" allow=\"accelerometer; autoplay; clipboard-write; encrypted-media; gyroscope; picture-in-picture; web-share\" referrerpolicy=\"strict-origin-when-cross-origin\" allowfullscreen><\/iframe><\/p>\n<p>Finalizada la entrega, Voces Paralelas desarroll\u00f3 una entrevista period\u00edstica al Intendente de la Municipalidad de la Ciudad de Rivadavia. Sergio Miodowsky, quien describi\u00f3 lo que significa el FoDeRe para\u00a0 ayudar a contribuir a mejoras m\u00e1s necesides que beneficie a los vecinos.<\/p>\n<p><iframe loading=\"lazy\" title=\"RIVADAVIA INTENDENTE SERGIO MIODOWSKY\" width=\"800\" height=\"450\" src=\"https:\/\/www.youtube.com\/embed\/JYjCSglh56I?feature=oembed\" frameborder=\"0\" allow=\"accelerometer; autoplay; clipboard-write; encrypted-media; gyroscope; picture-in-picture; web-share\" referrerpolicy=\"strict-origin-when-cross-origin\" allowfullscreen><\/iframe><\/p>\n<p><span style=\"color: #ff6600;\"><strong>Destino de los FoDeRe municipales<\/strong><\/span><\/p>\n<ul>\n<li>Municipalidad de Albard\u00f3n veredas<\/li>\n<li>Municipalidad de Angaco a cord\u00f3n cunetas, veredas y alumbrado<\/li>\n<li>Municipalidad de Calingasta n Iluminaci\u00f3n led<\/li>\n<li>Municipalidad de Capital en Iluminaci\u00f3n led<\/li>\n<li>Municipalidad de Caucete trabajo de mejoramiento de alumbrado p\u00fablico para barrios<\/li>\n<li>Municipalidad de Chimbas para plazas y red alumbrado p\u00fablico<\/li>\n<li>Municipalidad de Iglesia construcci\u00f3n de la plaza Bella Vista, 25 de noviembre y Angualasto.<\/li>\n<li>Municipalidad de J\u00e1chal alumbrado y recambio de luminaria led.<\/li>\n<li>Municipalidad de Rawson alumbrado y recambio de luminaria led.<\/li>\n<li>Municipalidad de Sarmiento, alumbrado y recambio de luminaria led.<\/li>\n<li>Municipalidad de\u00a0 25 de Mayo alumbrado y recambio de luminaria led.<\/li>\n<li>Municipalidad de 9 de Julio, alumbrado y recambio de luminaria led.<\/li>\n<li>Municipalidad de Pocito, para la construcci\u00f3n de 4 playones deportivos, veredas e iluminaci\u00f3n.<\/li>\n<li>Municipalidad de Rivadavia, los fondos ser\u00e1n para repavimentaci\u00f3n del barrio Foeva, en primera instancia.<\/li>\n<li>Municipalidad de San Mart\u00edn, para la construcci\u00f3n de 2 playones deportivos.<\/li>\n<li>Municipalidad de Santa Luc\u00eda, uno de los destinos de los fondos ser\u00e1 la modernizaci\u00f3n e iluminaci\u00f3n de calles y barrios.<\/li>\n<li>Municipalidad de Ullum, para la creaci\u00f3n espacio recreativo barrio Margarita Ferr\u00e1.<\/li>\n<li>Municipalidad de Valle F\u00e9rtil, para infraestructura urbana<\/li>\n<li>Municipalidad de Zonda, para complejo deportivo.<\/li>\n<\/ul>\n<p><img loading=\"lazy\" decoding=\"async\" class=\"alignnone size-full wp-image-75909\" src=\"https:\/\/vocesparalelas.com.ar\/sitio\/wp-content\/uploads\/2024\/08\/SAN-JUAN-FONDOS-02.jpg\" alt=\"\" width=\"800\" height=\"413\" srcset=\"https:\/\/vocesparalelas.com.ar\/sitio\/wp-content\/uploads\/2024\/08\/SAN-JUAN-FONDOS-02.jpg 800w, https:\/\/vocesparalelas.com.ar\/sitio\/wp-content\/uploads\/2024\/08\/SAN-JUAN-FONDOS-02-300x155.jpg 300w, https:\/\/vocesparalelas.com.ar\/sitio\/wp-content\/uploads\/2024\/08\/SAN-JUAN-FONDOS-02-768x396.jpg 768w\" sizes=\"auto, (max-width: 800px) 100vw, 800px\" \/><\/p>\n<p>&nbsp;<\/p>\n","protected":false},"excerpt":{"rendered":"<p>En Casa de Gobierno, el Gobernador de San Juan, Dr. Marcelo Orrego, entreg\u00f3 los Decretos de Distribuci\u00f3n del Fondo de<\/p>\n","protected":false},"author":3,"featured_media":75910,"comment_status":"closed","ping_status":"closed","sticky":false,"template":"","format":"standard","meta":{"_acf_changed":false,"_seopress_robots_primary_cat":"none","_seopress_titles_title":"","_seopress_titles_desc":"","_seopress_robots_index":"","colormag_page_container_layout":"default_layout","colormag_page_sidebar_layout":"default_layout","footnotes":""},"categories":[6,7],"tags":[],"class_list":["post-75893","post","type-post","status-publish","format-standard","has-post-thumbnail","hentry","category-eventos","category-videos"],"acf":[],"_links":{"self":[{"href":"https:\/\/vocesparalelas.com.ar\/sitio\/wp-json\/wp\/v2\/posts\/75893","targetHints":{"allow":["GET"]}}],"collection":[{"href":"https:\/\/vocesparalelas.com.ar\/sitio\/wp-json\/wp\/v2\/posts"}],"about":[{"href":"https:\/\/vocesparalelas.com.ar\/sitio\/wp-json\/wp\/v2\/types\/post"}],"author":[{"embeddable":true,"href":"https:\/\/vocesparalelas.com.ar\/sitio\/wp-json\/wp\/v2\/users\/3"}],"replies":[{"embeddable":true,"href":"https:\/\/vocesparalelas.com.ar\/sitio\/wp-json\/wp\/v2\/comments?post=75893"}],"version-history":[{"count":1,"href":"https:\/\/vocesparalelas.com.ar\/sitio\/wp-json\/wp\/v2\/posts\/75893\/revisions"}],"predecessor-version":[{"id":75911,"href":"https:\/\/vocesparalelas.com.ar\/sitio\/wp-json\/wp\/v2\/posts\/75893\/revisions\/75911"}],"wp:featuredmedia":[{"embeddable":true,"href":"https:\/\/vocesparalelas.com.ar\/sitio\/wp-json\/wp\/v2\/media\/75910"}],"wp:attachment":[{"href":"https:\/\/vocesparalelas.com.ar\/sitio\/wp-json\/wp\/v2\/media?parent=75893"}],"wp:term":[{"taxonomy":"category","embeddable":true,"href":"https:\/\/vocesparalelas.com.ar\/sitio\/wp-json\/wp\/v2\/categories?post=75893"},{"taxonomy":"post_tag","embeddable":true,"href":"https:\/\/vocesparalelas.com.ar\/sitio\/wp-json\/wp\/v2\/tags?post=75893"}],"curies":[{"name":"wp","href":"https:\/\/api.w.org\/{rel}","templated":true}]}}