{"id":75888,"date":"2024-08-18T10:32:50","date_gmt":"2024-08-18T13:32:50","guid":{"rendered":"https:\/\/vocesparalelas.com.ar\/sitio\/?p=75888"},"modified":"2024-08-18T12:43:16","modified_gmt":"2024-08-18T15:43:16","slug":"jornadas-de-jovenes-emprendedores-en-san-juan","status":"publish","type":"post","link":"https:\/\/vocesparalelas.com.ar\/sitio\/jornadas-de-jovenes-emprendedores-en-san-juan\/","title":{"rendered":"Jornadas de J\u00f3venes Emprendedores en San Juan"},"content":{"rendered":"<p>El gobernador Marcelo Orrego particip\u00f3 del acto de apertura de las jornadas JAE 2024, que se realiz\u00f3 en el Centro Cultural Conte Grand.<\/p>\n<p>Tambi\u00e9n, estuvieron presentes el ministro de Turismo, Cultura y Deporte, Guido Romero y la intendenta de Capital, Susana Laciar.<\/p>\n<p>JAE es una ONG que surgi\u00f3 hace 10 a\u00f1os, con una interrupci\u00f3n durante la pandemia y luego reabri\u00f3. Desde al a\u00f1o 2022 se vienen realizando estas jornadas que buscan generar impacto en el esp\u00edritu emprendedor sanjuanino, brindando la oportunidad para pensar en nuevas ideas y proyectos.<\/p>\n<p><iframe loading=\"lazy\" title=\"El gobernador Marcelo Orrego particip\u00f3 de la apertura de las jornadas JAE 2024 \u2764\ufe0f\" width=\"800\" height=\"450\" src=\"https:\/\/www.youtube.com\/embed\/0vb9Q_WmGHE?feature=oembed\" frameborder=\"0\" allow=\"accelerometer; autoplay; clipboard-write; encrypted-media; gyroscope; picture-in-picture; web-share\" referrerpolicy=\"strict-origin-when-cross-origin\" allowfullscreen><\/iframe><\/p>\n<p>El gobernador Marcelo Orrego particip\u00f3 del acto de apertura que convoc\u00f3 a unos 700 j\u00f3venes y dijo que \u00abha sido una jornada muy importante. Es incre\u00edble ver a estos chicos que son muy laboriosos, emprendedores todos ellos con una vocaci\u00f3n. Espero que sean muchos m\u00e1s los que se animen a so\u00f1ar y a convertir sus ideas en acciones.<\/p>\n<p>\u201cHa sido una jornada muy linda en la que he podido escuchar algunas experiencias ac\u00e1, en el Centro de Convenciones, y la verdad es que nos deja mucho para pensar. Estoy sorprendido con la cantidad de j\u00f3venes porque veo que les gusta y lo m\u00e1s importante de todo esto es que las experiencias que se est\u00e1n contando a otros les interesan\u201d, cerr\u00f3 el primer mandatario provincial.<\/p>\n<p>Por su parte, Milagros Pintos, responsable del equipo de alianzas estrat\u00e9gicas de JAE explic\u00f3 que \u201cesta ONG la conformamos 40 voluntarios y nos dedicamos a acompa\u00f1ar a la gente a que se anime a generar ese emprendimiento o a crear ese proyecto o a estudiar lo que le gusta, es un poco lo que buscamos, y nuestro p\u00fablico son estudiantes, empresarios y emprendedores\u201d.<\/p>\n<p>Luego, dijo que \u201cesta Jornada es uno de los proyectos masivos que tiene la ONG pero no es el \u00fanico, tenemos el bootcamp que es un entrenamiento para generar proyectos para emprendedores esto se va a hacer en octubre de este a\u00f1o en la provincia y vamos a convocar a 60 alumnos de secundarias o universitarios para poder darles toda la capacitaci\u00f3n para que emprendan sus proyectos. Tambi\u00e9n, trabajamos con las escuelas, funcionamos de incubadora para algunos emprendedores que necesitan m\u00e1s recursos y capacitaci\u00f3n\u201d.<\/p>\n<p>Por \u00faltimo, Pintos dijo que \u201ceste a\u00f1o, el nombre de la jornada es \u201cprende la cabeza sin apagar el coraz\u00f3n\u201d y la idea es fomentar la pasi\u00f3n en los emprendedores pero las tem\u00e1ticas, que por ah\u00ed nos van a traer nuestros disertantes tienen que ver con el mundo del marketing, la comunicaci\u00f3n, las habilidades blandas y el liderazgo, herramientas que consideramos que son importantes a la hora de emprender\u201d.<\/p>\n","protected":false},"excerpt":{"rendered":"<p>El gobernador Marcelo Orrego particip\u00f3 del acto de apertura de las jornadas JAE 2024, que se realiz\u00f3 en el Centro<\/p>\n","protected":false},"author":3,"featured_media":75891,"comment_status":"closed","ping_status":"closed","sticky":false,"template":"","format":"standard","meta":{"_acf_changed":false,"_seopress_robots_primary_cat":"none","_seopress_titles_title":"","_seopress_titles_desc":"","_seopress_robots_index":"","colormag_page_container_layout":"default_layout","colormag_page_sidebar_layout":"default_layout","footnotes":""},"categories":[1,7],"tags":[],"class_list":["post-75888","post","type-post","status-publish","format-standard","has-post-thumbnail","hentry","category-destacadas","category-videos"],"acf":[],"_links":{"self":[{"href":"https:\/\/vocesparalelas.com.ar\/sitio\/wp-json\/wp\/v2\/posts\/75888","targetHints":{"allow":["GET"]}}],"collection":[{"href":"https:\/\/vocesparalelas.com.ar\/sitio\/wp-json\/wp\/v2\/posts"}],"about":[{"href":"https:\/\/vocesparalelas.com.ar\/sitio\/wp-json\/wp\/v2\/types\/post"}],"author":[{"embeddable":true,"href":"https:\/\/vocesparalelas.com.ar\/sitio\/wp-json\/wp\/v2\/users\/3"}],"replies":[{"embeddable":true,"href":"https:\/\/vocesparalelas.com.ar\/sitio\/wp-json\/wp\/v2\/comments?post=75888"}],"version-history":[{"count":1,"href":"https:\/\/vocesparalelas.com.ar\/sitio\/wp-json\/wp\/v2\/posts\/75888\/revisions"}],"predecessor-version":[{"id":75892,"href":"https:\/\/vocesparalelas.com.ar\/sitio\/wp-json\/wp\/v2\/posts\/75888\/revisions\/75892"}],"wp:featuredmedia":[{"embeddable":true,"href":"https:\/\/vocesparalelas.com.ar\/sitio\/wp-json\/wp\/v2\/media\/75891"}],"wp:attachment":[{"href":"https:\/\/vocesparalelas.com.ar\/sitio\/wp-json\/wp\/v2\/media?parent=75888"}],"wp:term":[{"taxonomy":"category","embeddable":true,"href":"https:\/\/vocesparalelas.com.ar\/sitio\/wp-json\/wp\/v2\/categories?post=75888"},{"taxonomy":"post_tag","embeddable":true,"href":"https:\/\/vocesparalelas.com.ar\/sitio\/wp-json\/wp\/v2\/tags?post=75888"}],"curies":[{"name":"wp","href":"https:\/\/api.w.org\/{rel}","templated":true}]}}