{"id":75865,"date":"2024-08-16T21:37:40","date_gmt":"2024-08-17T00:37:40","guid":{"rendered":"https:\/\/vocesparalelas.com.ar\/sitio\/?p=75865"},"modified":"2024-08-17T11:38:50","modified_gmt":"2024-08-17T14:38:50","slug":"acciones-para-mejorar-la-calidad-de-vida-de-los-habitantes-del-departamento-calingasta-de-san-juan","status":"publish","type":"post","link":"https:\/\/vocesparalelas.com.ar\/sitio\/acciones-para-mejorar-la-calidad-de-vida-de-los-habitantes-del-departamento-calingasta-de-san-juan\/","title":{"rendered":"Acciones para mejorar la calidad de vida de los habitantes del Departamento Calingasta de San Juan"},"content":{"rendered":"<p>El Viernes, 16 de Agosto, el gobernador de San Juan, Dr. Marcelo Orrego se traslad\u00f3 al Departamento Calingasta para participar de varias acciones relacionadas a mejorar la calidad de vida de los habitantes del departamento.<\/p>\n<p>Acompa\u00f1aron al gobernador, el ministro de Familia y Desarrollo Humano, Prof. Carlos Platero; Producci\u00f3n, Trabajo e Innovaci\u00f3n, CPN Gustavo Fern\u00e1ndez; de Salud, Dr. Amilcar Dobladez, secretario de Deporte, DR. Pablo Tabachnik; intendente de Calingasta, Dr. Sebasti\u00e1n Carbajal y diputado departamental, Jorge Casta\u00f1eda.<\/p>\n<p>Al llegar, visit\u00f3 el operativo del Programa Garrafa Hogar, acci\u00f3n coordinada por el Ministerio de Producci\u00f3n, Trabajo e Innovaci\u00f3n. Luego particip\u00f3 de la entrega de 360 pares de anteojos, que se realiz\u00f3 a trav\u00e9s del Ministerio de Familia y Desarrollo Humano. Posteriormente visit\u00f3 las unidades sanitarias m\u00f3viles que est\u00e1n apostadas en Tamber\u00edas, bajo la supervisi\u00f3n del Ministerio de Salud.<\/p>\n<p>En este marco, el gobernador Dr. Marcelo Orrego explic\u00f3 que \u00abse trata de estar cerca de la gente. Entregamos insumos, como anteojos, ya que se han realizado estudios de termolog\u00eda. Adem\u00e1s, estuvimos viendo las unidades sanitarias en Tamber\u00edas, ya que desde el lunes se desarrollar\u00e1 un importante dispositivo relacionado con el \u00e1rea de salud\u201d.<\/p>\n<p>\u00abEstas unidades han permitido realizar m\u00e1s de mil consultas y 700 prestaciones. Estamos hablando de especialidades como mamograf\u00eda, otorrinolaringolog\u00eda, odontolog\u00eda, y muchas m\u00e1s\u201d.<\/p>\n<p>\u201cEsto significa estar siempre al servicio de la gente, y la mejor manera, por supuesto, es estar en el lugar, porque para conocer los problemas y las necesidades de la gente, hay que estar presente. Yo me compromet\u00ed desde el principio, y ya hemos realizado casi 20 abordajes territoriales para estar en los lugares y escuchar a la gente, que es lo que m\u00e1s me importa\u201d &#8211; sintetiz\u00f3 el gobernador.<\/p>\n<p><strong><span style=\"color: #ff6600;\">Unidades Sanitarias M\u00f3viles<\/span><\/strong><\/p>\n<p>El Ministerio de Salud a trav\u00e9s de la Secretar\u00eda de Medicina Preventiva, Emergencia y Cat\u00e1strofe, en articulaci\u00f3n con el Gobierno Provincial, realiz\u00f3 la remodelaci\u00f3n y restauraci\u00f3n a nuevas de los camiones que forman parte de las Unidades Sanitarias M\u00f3viles que recorren los 19 departamentos, brindando diferentes prestaciones de salud.<\/p>\n<p>El lanzamiento de las Unidades Sanitarias M\u00f3viles se realiz\u00f3 en la localidad Tamber\u00edas, Departamento Calingasta, brindando los siguientes servicios:<\/p>\n<ul>\n<li>Odontolog\u00eda<\/li>\n<li>Fonoaudiolog\u00eda<\/li>\n<li>ORL<\/li>\n<li>Oftalmolog\u00eda<\/li>\n<li>Ginecolog\u00eda<\/li>\n<li>Ecograf\u00eda<\/li>\n<li>Radiolog\u00eda<\/li>\n<li>Mamograf\u00eda<\/li>\n<li>Nutrici\u00f3n<\/li>\n<li>Laboratorio<\/li>\n<li>Trabajo Social<\/li>\n<\/ul>\n<p>&nbsp;<\/p>\n<p><iframe loading=\"lazy\" title=\"Orrego en Calingasta: &quot;Con estas acciones estamos cerca de la gente&quot;\" width=\"800\" height=\"450\" src=\"https:\/\/www.youtube.com\/embed\/Zo0DjkCQiMI?feature=oembed\" frameborder=\"0\" allow=\"accelerometer; autoplay; clipboard-write; encrypted-media; gyroscope; picture-in-picture; web-share\" referrerpolicy=\"strict-origin-when-cross-origin\" allowfullscreen><\/iframe><\/p>\n","protected":false},"excerpt":{"rendered":"<p>El Viernes, 16 de Agosto, el gobernador de San Juan, Dr. Marcelo Orrego se traslad\u00f3 al Departamento Calingasta para participar<\/p>\n","protected":false},"author":3,"featured_media":75868,"comment_status":"closed","ping_status":"closed","sticky":false,"template":"","format":"standard","meta":{"_acf_changed":false,"_seopress_robots_primary_cat":"none","_seopress_titles_title":"","_seopress_titles_desc":"","_seopress_robots_index":"","colormag_page_container_layout":"default_layout","colormag_page_sidebar_layout":"default_layout","footnotes":""},"categories":[1,7],"tags":[],"class_list":["post-75865","post","type-post","status-publish","format-standard","has-post-thumbnail","hentry","category-destacadas","category-videos"],"acf":[],"_links":{"self":[{"href":"https:\/\/vocesparalelas.com.ar\/sitio\/wp-json\/wp\/v2\/posts\/75865","targetHints":{"allow":["GET"]}}],"collection":[{"href":"https:\/\/vocesparalelas.com.ar\/sitio\/wp-json\/wp\/v2\/posts"}],"about":[{"href":"https:\/\/vocesparalelas.com.ar\/sitio\/wp-json\/wp\/v2\/types\/post"}],"author":[{"embeddable":true,"href":"https:\/\/vocesparalelas.com.ar\/sitio\/wp-json\/wp\/v2\/users\/3"}],"replies":[{"embeddable":true,"href":"https:\/\/vocesparalelas.com.ar\/sitio\/wp-json\/wp\/v2\/comments?post=75865"}],"version-history":[{"count":1,"href":"https:\/\/vocesparalelas.com.ar\/sitio\/wp-json\/wp\/v2\/posts\/75865\/revisions"}],"predecessor-version":[{"id":75869,"href":"https:\/\/vocesparalelas.com.ar\/sitio\/wp-json\/wp\/v2\/posts\/75865\/revisions\/75869"}],"wp:featuredmedia":[{"embeddable":true,"href":"https:\/\/vocesparalelas.com.ar\/sitio\/wp-json\/wp\/v2\/media\/75868"}],"wp:attachment":[{"href":"https:\/\/vocesparalelas.com.ar\/sitio\/wp-json\/wp\/v2\/media?parent=75865"}],"wp:term":[{"taxonomy":"category","embeddable":true,"href":"https:\/\/vocesparalelas.com.ar\/sitio\/wp-json\/wp\/v2\/categories?post=75865"},{"taxonomy":"post_tag","embeddable":true,"href":"https:\/\/vocesparalelas.com.ar\/sitio\/wp-json\/wp\/v2\/tags?post=75865"}],"curies":[{"name":"wp","href":"https:\/\/api.w.org\/{rel}","templated":true}]}}