{"id":75851,"date":"2024-08-16T22:00:11","date_gmt":"2024-08-17T01:00:11","guid":{"rendered":"https:\/\/vocesparalelas.com.ar\/sitio\/?p=75851"},"modified":"2024-08-17T16:12:31","modified_gmt":"2024-08-17T19:12:31","slug":"se-reactiva-la-obra-de-construccion-del-hospital-de-calingasta-en-san-juan","status":"publish","type":"post","link":"https:\/\/vocesparalelas.com.ar\/sitio\/se-reactiva-la-obra-de-construccion-del-hospital-de-calingasta-en-san-juan\/","title":{"rendered":"Se reactiva la obra de construcci\u00f3n del Hospital de Calingasta en San Juan"},"content":{"rendered":"<ol>\n<li>En su visita al Departamento Calingasta, el gobernador de San Juan, Dr. Marcelo Orrego anunci\u00f3 la reactivaci\u00f3n de la obra del hospital de Calingasta, una obra muy esperado por los habitantes del departamento.<\/li>\n<\/ol>\n<p>Es as\u00ed que el\u00a0 gobernador de San Juan, Dr. Marcelo Orrego puntualiz\u00f3 que \u00aben cuatro semanas, se reactiva la obra del Hospital de Calingasta. Posee un avance del 38 % y que el plazo de finalizaci\u00f3n, desde que se retome la tarea, es de unos 20 meses aproximadamente\u00bb.<\/p>\n<p>\u201cVengo a traerles buenas noticias. La obra del hospital de Calingasta estaba paralizada, pero el Gobierno de la provincia ha decidido reactivar la obra p\u00fablica. Entre las iniciativas en marcha, hemos reiniciado los trabajos en barrios y escuelas, ya que no podemos dejar las escuelas a medio construir. Adem\u00e1s, hemos puesto en valor estos proyectos y estamos implementando un plan de pavimentaci\u00f3n que beneficiar\u00e1 a los 19 municipios\u201d.<\/p>\n<p>\u201cEsta era una obra que estaba paralizada. He tomado la decisi\u00f3n de reiniciar los trabajos en cuatro semanas. Ya se han iniciado todos los tr\u00e1mites administrativos, y se retomar\u00e1 la construcci\u00f3n del hospital, para finalizarlo lo m\u00e1s pronto posible. Por lo tanto, en un mes, aproximadamente, encontrar\u00e1n gente trabajando en el lugar.\u00a0Sabemos que la salud es una prioridad, as\u00ed que pueden contar con ello\u201d.<\/p>\n<p>El hospital est\u00e1 ubicado en el extremo Suroeste de la Provincia de San Juan sobre la Ruta Provincial 412, en la localidad de Villa Calingasta. Tendr\u00e1 una superficie construida de 5000 m2.<\/p>\n<p><iframe loading=\"lazy\" title=\"El gobernador Orrego anunci\u00f3 la reactivaci\u00f3n de la obra del hospital de Calingasta\" width=\"800\" height=\"450\" src=\"https:\/\/www.youtube.com\/embed\/vZeYUhRu8-o?feature=oembed\" frameborder=\"0\" allow=\"accelerometer; autoplay; clipboard-write; encrypted-media; gyroscope; picture-in-picture; web-share\" referrerpolicy=\"strict-origin-when-cross-origin\" allowfullscreen><\/iframe><\/p>\n<p>&nbsp;<\/p>\n","protected":false},"excerpt":{"rendered":"<p>En su visita al Departamento Calingasta, el gobernador de San Juan, Dr. Marcelo Orrego anunci\u00f3 la reactivaci\u00f3n de la obra<\/p>\n","protected":false},"author":3,"featured_media":75854,"comment_status":"closed","ping_status":"closed","sticky":false,"template":"","format":"standard","meta":{"_acf_changed":false,"_seopress_robots_primary_cat":"none","_seopress_titles_title":"","_seopress_titles_desc":"","_seopress_robots_index":"","colormag_page_container_layout":"default_layout","colormag_page_sidebar_layout":"default_layout","footnotes":""},"categories":[1,7],"tags":[],"class_list":["post-75851","post","type-post","status-publish","format-standard","has-post-thumbnail","hentry","category-destacadas","category-videos"],"acf":[],"_links":{"self":[{"href":"https:\/\/vocesparalelas.com.ar\/sitio\/wp-json\/wp\/v2\/posts\/75851","targetHints":{"allow":["GET"]}}],"collection":[{"href":"https:\/\/vocesparalelas.com.ar\/sitio\/wp-json\/wp\/v2\/posts"}],"about":[{"href":"https:\/\/vocesparalelas.com.ar\/sitio\/wp-json\/wp\/v2\/types\/post"}],"author":[{"embeddable":true,"href":"https:\/\/vocesparalelas.com.ar\/sitio\/wp-json\/wp\/v2\/users\/3"}],"replies":[{"embeddable":true,"href":"https:\/\/vocesparalelas.com.ar\/sitio\/wp-json\/wp\/v2\/comments?post=75851"}],"version-history":[{"count":2,"href":"https:\/\/vocesparalelas.com.ar\/sitio\/wp-json\/wp\/v2\/posts\/75851\/revisions"}],"predecessor-version":[{"id":75875,"href":"https:\/\/vocesparalelas.com.ar\/sitio\/wp-json\/wp\/v2\/posts\/75851\/revisions\/75875"}],"wp:featuredmedia":[{"embeddable":true,"href":"https:\/\/vocesparalelas.com.ar\/sitio\/wp-json\/wp\/v2\/media\/75854"}],"wp:attachment":[{"href":"https:\/\/vocesparalelas.com.ar\/sitio\/wp-json\/wp\/v2\/media?parent=75851"}],"wp:term":[{"taxonomy":"category","embeddable":true,"href":"https:\/\/vocesparalelas.com.ar\/sitio\/wp-json\/wp\/v2\/categories?post=75851"},{"taxonomy":"post_tag","embeddable":true,"href":"https:\/\/vocesparalelas.com.ar\/sitio\/wp-json\/wp\/v2\/tags?post=75851"}],"curies":[{"name":"wp","href":"https:\/\/api.w.org\/{rel}","templated":true}]}}